{"id":134,"date":"2012-08-18T13:04:52","date_gmt":"2012-08-18T11:04:52","guid":{"rendered":"http:\/\/localhost\/?p=134"},"modified":"2018-04-30T10:15:30","modified_gmt":"2018-04-30T08:15:30","slug":"fenster-dreier-voelkermarkt","status":"publish","type":"post","link":"http:\/\/www.goltnik.com\/goltnik\/fenster-dreier-voelkermarkt\/","title":{"rendered":"Fenster Dreier, V\u00f6lkermarkt"},"content":{"rendered":"<p><strong>V\u00f6lkermarkt, 2012<\/strong><\/p>\n<p style=\"font-weight: bold;\">Neubau der Firmenzentrale in V\u00f6lkermarkt, K\u00e4rnten<\/p>\n<p style=\"font-weight: bold;\">Architekt Goltnik \u00fcber das Projekt:<\/p>\n<p style=\"font-style: italic;\">&#8222;Die neue Firmenzentrale der Fenster Dreier GmbH wirkt von au\u00dfen eher unaufdringlich im Gegensatz zum inneren Erscheinungsbild und nicht zum ersten Mal bei meinen Projekten hat der Neubau einen landschaftlichen Bezug zur Umgebung.<br \/>\nDer Schwerpunkt liegt im r\u00e4umlich Inneren und spiegelt sich formal au\u00dfen wider. Eine geneigte Fl\u00e4che innen ist auch eine geneigte Fl\u00e4che au\u00dfen. Einen Seltenheitswert stellt dar, dass &#8211; obwohl reine Funktionshalle &#8211; durch diesen Neubau in dem Gewerbepark ein Akzent gesetzt wird, wenn auch zur\u00fcckhaltend. Dies ist nur durch den inspirierten Bauherrn Reinhard Dreier m\u00f6glich geworden. In Summe muss man geschickt sein um so ein Projekt realisieren zu k\u00f6nnen\u2026\u201c<\/p>\n<p>Artikel auf <a href=\"http:\/\/www.baunetzwissen.de\/objektartikel\/Geneigtes-Dach-Firmenzentrale-Dreier-in-Voelkermarkt_3433427.html\" target=\"_blank\" rel=\"noopener\">http:\/\/www.baunetzwissen.de\/objektartikel\/Geneigtes-Dach-Firmenzentrale-Dreier-in-Voelkermarkt_3433427.html<\/a><\/p>\n<p style=\"font-weight: bold;\">Anerkennung beim Holzbaupreis K\u00e4rnten 2013:<\/p>\n<p>Unter 77 eingereichten Projekten erhielt die von uns geplante neue Firmenzentrale bei der Verleihung des Holzbaupreises K\u00e4rnten am 17.10.2013 eine Anerkennung in der Kategorie &#8218;Gewerbliche Bauten&#8216;.<\/p>\n<p>Siehe dazu: <a href=\"http:\/\/www.proholz-kaernten.at\/holzbaupreise\/?jahr=2013&amp;pid=265\" target=\"_blank\" rel=\"noopener\">http:\/\/www.proholz-kaernten.at\/holzbaupreise\/?jahr=2013&amp;pid=265<\/a><\/p>\n<p>&nbsp;<\/p>\n<p style=\"font-weight: bold;\"><a href=\"http:\/\/www.goltnik.com\/images\/stories\/DRV_Artikel_im_ZMP_Massivholzsystem_Prospekt.pdf\">Artikel im ZMP Massivholzsystem Prospekt<\/a><\/p>\n<p>&nbsp;<\/p>\n<p><strong>Fotos vom 09.10.2012:<\/strong><\/p>\n<p><a class=\"jcepopup jcemediabox-image\" title=\"Fenster Dreier\" href=\"http:\/\/goltnik.com\/goltnik\/wp-content\/uploads\/Goltnik\/Gewerbe&amp;Industrie\/FensterDreier\/DRV_81.jpg\" target=\"_blank\" rel=\"noopener\"><span class=\"jcemediabox-zoom-span\"><img loading=\"lazy\" class=\"alignleft\" src=\"http:\/\/goltnik.com\/goltnik\/wp-content\/uploads\/Goltnik\/Gewerbe&amp;Industrie\/FensterDreier\/DRV_81.jpg\" alt=\"Fenster Dreier\" width=\"222\" height=\"124\" \/><\/span><\/a> <a class=\"jcepopup jcemediabox-image\" title=\"Fenster Dreier\" href=\"http:\/\/goltnik.com\/goltnik\/wp-content\/uploads\/Goltnik\/Gewerbe&amp;Industrie\/FensterDreier\/DRV_82.jpg\" target=\"_blank\" rel=\"noopener\"><span class=\"jcemediabox-zoom-span\"><img loading=\"lazy\" class=\"alignleft\" src=\"http:\/\/goltnik.com\/goltnik\/wp-content\/uploads\/Goltnik\/Gewerbe&amp;Industrie\/FensterDreier\/DRV_82.jpg\" alt=\"Fenster Dreier\" width=\"222\" height=\"124\" \/><\/span><\/a> <a class=\"jcepopup jcemediabox-image\" title=\"Fenster Dreier\" href=\"http:\/\/goltnik.com\/goltnik\/wp-content\/uploads\/Goltnik\/Gewerbe&amp;Industrie\/FensterDreier\/DRV_83.jpg\" target=\"_blank\" rel=\"noopener\"><span class=\"jcemediabox-zoom-span\"><img loading=\"lazy\" class=\"alignleft\" src=\"http:\/\/goltnik.com\/goltnik\/wp-content\/uploads\/Goltnik\/Gewerbe&amp;Industrie\/FensterDreier\/DRV_83.jpg\" alt=\"Fenster Dreier\" width=\"222\" height=\"124\" \/><\/span><\/a> <a class=\"jcepopup jcemediabox-image\" title=\"Fenster Dreier\" href=\"http:\/\/goltnik.com\/goltnik\/wp-content\/uploads\/Goltnik\/Gewerbe&amp;Industrie\/FensterDreier\/DRV_84.jpg\" target=\"_blank\" rel=\"noopener\"><span class=\"jcemediabox-zoom-span\"><img loading=\"lazy\" class=\"alignleft\" src=\"http:\/\/goltnik.com\/goltnik\/wp-content\/uploads\/Goltnik\/Gewerbe&amp;Industrie\/FensterDreier\/DRV_84.jpg\" alt=\"Fenster Dreier\" width=\"222\" height=\"124\" \/><\/span><\/a><\/p>\n<p><a class=\"jcepopup jcemediabox-image\" title=\"Fenster Dreier\" href=\"http:\/\/goltnik.com\/goltnik\/wp-content\/uploads\/Goltnik\/Gewerbe&amp;Industrie\/FensterDreier\/DRV_85.jpg\" target=\"_blank\" rel=\"noopener\"><span class=\"jcemediabox-zoom-span\"><img loading=\"lazy\" class=\"alignleft\" src=\"http:\/\/goltnik.com\/goltnik\/wp-content\/uploads\/Goltnik\/Gewerbe&amp;Industrie\/FensterDreier\/DRV_85.jpg\" alt=\"Fenster Dreier\" width=\"222\" height=\"124\" \/><\/span><\/a>\u00a0\u00a0 <a class=\"jcepopup jcemediabox-image\" title=\"Fenster Dreier\" href=\"http:\/\/goltnik.com\/goltnik\/wp-content\/uploads\/Goltnik\/Gewerbe&amp;Industrie\/FensterDreier\/DRV_86.jpg\" target=\"_blank\" rel=\"noopener\"><span class=\"jcemediabox-zoom-span\"><img loading=\"lazy\" class=\"alignleft\" src=\"http:\/\/goltnik.com\/goltnik\/wp-content\/uploads\/Goltnik\/Gewerbe&amp;Industrie\/FensterDreier\/DRV_86.jpg\" alt=\"Fenster Dreier\" width=\"222\" height=\"124\" \/><\/span><\/a>\u00a0\u00a0 <a class=\"jcepopup jcemediabox-image\" title=\"Fenster Dreier\" href=\"http:\/\/goltnik.com\/goltnik\/wp-content\/uploads\/Goltnik\/Gewerbe&amp;Industrie\/FensterDreier\/DRV_87-1.jpg\" target=\"_blank\" rel=\"noopener\"><span class=\"jcemediabox-zoom-span\"><img loading=\"lazy\" class=\"alignleft\" src=\"http:\/\/goltnik.com\/goltnik\/wp-content\/uploads\/Goltnik\/Gewerbe&amp;Industrie\/FensterDreier\/DRV_87-1.jpg\" alt=\"Fenster Dreier\" width=\"222\" height=\"124\" \/><\/span><\/a>\u00a0\u00a0 <a class=\"jcepopup jcemediabox-image\" title=\"Fenster Dreier\" href=\"http:\/\/goltnik.com\/goltnik\/wp-content\/uploads\/Goltnik\/Gewerbe&amp;Industrie\/FensterDreier\/DRV_88.jpg\" target=\"_blank\" rel=\"noopener\"><span class=\"jcemediabox-zoom-span\"><img loading=\"lazy\" class=\"alignleft\" src=\"http:\/\/goltnik.com\/goltnik\/wp-content\/uploads\/Goltnik\/Gewerbe&amp;Industrie\/FensterDreier\/DRV_88.jpg\" alt=\"Fenster Dreier\" width=\"222\" height=\"124\" \/><\/span><\/a><\/p>\n<p>&nbsp;<\/p>\n<p>&nbsp;<\/p>\n<p>&nbsp;<\/p>\n<p>&nbsp;<\/p>\n<p>&nbsp;<\/p>\n<p>&nbsp;<\/p>\n<p>&nbsp;<\/p>\n<p>&nbsp;<\/p>\n<p style=\"font-weight: bold;\">Plandarstellungen (EG, OG1, OG2, Dachdraufsicht):<\/p>\n<p><strong><br \/>\n<\/strong> <a class=\"jcepopup jcemediabox-image\" title=\"Fenster Dreier\" href=\"http:\/\/goltnik.com\/goltnik\/wp-content\/uploads\/2017\/10\/DRV_y_01.jpg\" target=\"_blank\" rel=\"noopener\"><span class=\"jcemediabox-zoom-span\"><img loading=\"lazy\" class=\"alignleft\" src=\"http:\/\/goltnik.com\/goltnik\/wp-content\/uploads\/2017\/10\/DRV_y_01.jpg\" alt=\"Fenster Dreier\" width=\"222\" height=\"124\" \/><\/span><\/a> <a class=\"jcepopup jcemediabox-image\" title=\"Fenster Dreier\" href=\"http:\/\/goltnik.com\/goltnik\/wp-content\/uploads\/2017\/10\/DRV_y_02.jpg\" target=\"_blank\" rel=\"noopener\"><span class=\"jcemediabox-zoom-span\"><img loading=\"lazy\" class=\"alignleft\" src=\"http:\/\/goltnik.com\/goltnik\/wp-content\/uploads\/2017\/10\/DRV_y_02.jpg\" alt=\"Fenster Dreier\" width=\"222\" height=\"124\" \/><\/span><\/a> <a class=\"jcepopup jcemediabox-image\" title=\"Fenster Dreier\" href=\"http:\/\/goltnik.com\/goltnik\/wp-content\/uploads\/2017\/10\/DRV_y_03.jpg\" target=\"_blank\" rel=\"noopener\"><span class=\"jcemediabox-zoom-span\"><img loading=\"lazy\" class=\"alignleft\" src=\"http:\/\/goltnik.com\/goltnik\/wp-content\/uploads\/2017\/10\/DRV_y_03.jpg\" alt=\"Fenster Dreier\" width=\"222\" height=\"124\" \/><\/span><\/a> <a class=\"jcepopup jcemediabox-image\" title=\"Fenster Dreier\" href=\"http:\/\/goltnik.com\/goltnik\/wp-content\/uploads\/2017\/10\/DRV_y_04.jpg\" target=\"_blank\" rel=\"noopener\"><span class=\"jcemediabox-zoom-span\"><img loading=\"lazy\" class=\"alignleft\" src=\"http:\/\/goltnik.com\/goltnik\/wp-content\/uploads\/2017\/10\/DRV_y_04.jpg\" alt=\"Fenster Dreier\" width=\"222\" height=\"124\" \/><\/span><\/a><\/p>\n<p>&nbsp;<\/p>\n<p>&nbsp;<\/p>\n<p>&nbsp;<\/p>\n<p>&nbsp;<\/p>\n<p style=\"font-weight: bold;\">Projektbeschreibung:<\/p>\n<p>Aufbauend auf einer rechteckigen Stahlbetonplatte (ca. 44x17m) und den darin eingespannten sechs Stahlbetonfertigteilst\u00fctzen wurde ein Volumen aus Holztr\u00e4gern, -w\u00e4nden und \u2013decken f\u00fcr die Nutzung von Ausstellung, Produktion und Lager sowie B\u00fcro geplant und errichtet. Somit wurde bis auf die massive Basis das gesamte Objekt mit dem Werkstoff Holz gebaut.<br \/>\nDieser Werkstoff Holz wird im Inneren &#8211; abgedeckt durch eine wei\u00dfdurchscheinende Lasur &#8211; sichtbar gezeigt und in Kontrast zu den Einbauten bzw. Aufbauten wie Bodenbelegen, Holzgel\u00e4ndern, Zwischenw\u00e4nden und den Ausstellungsst\u00fccken bzw. dem Mobiliar gesetzt.<br \/>\nEingeh\u00fcllt wird das Objekt ost-, nord- und westseitig durch eine schwarze Eternit-Fassade bzw. durch eine schwarze Dach-PVC-Folie. Die S\u00fcdseite wurde mit einer Putzfassade gestaltet und setzt sich als Akzentuierung dieser Seite als das den Bauk\u00f6rper einfassendes und auskragendes Vordach bis hin zum Eingang formal fort.<br \/>\nDiese formale Akzentuierung wird durch verschieden zueinander geneigte Fl\u00e4chen der Au\u00dfenh\u00fclle wechselseitig in Bezug gebracht. Genauso wird dieser wechselseitige Bezug unmittelbar sichtbar auch in das Innere des Geb\u00e4udes getragen.<br \/>\nDie Sichtbarkeit dieser innen daraus resultierenden R\u00e4umlichkeit wird noch unterstrichen und verst\u00e4rkt durch die unterschiedlich nach oben zur\u00fcckversetzten Gescho\u00dfe und erg\u00e4nzt durch ungew\u00f6hnliche, jedoch bewusst gesetzte Tageslicht\u00f6ffnungen, die \u00fcber den Tagesverlauf interessante und unterschiedliche Lichtstimmungen ergeben.<br \/>\nDamit wird ein bauk\u00fcnstlerischer Akzent neben der Autobahn in einem st\u00e4dtebaulichen Umfeld, welches vordergr\u00fcndig nicht unbedingt daf\u00fcr geschaffen ist, mit der landschaftlichen Topographie der von diesem Standort aus sichtbaren Bez\u00fcge (Karawanken, Saualm bzw. direkte Umgebung), in Verbindung gebracht.<br \/>\nDennoch scheint es ob des Standortes sinnvoll zu sein, eine urspr\u00fcnglich einfache Funktion wie B\u00fcro, Ausstellung, Lager und Montage zu einem formal blickfangenden Objekt zu entwickeln, welches au\u00dfen die Form eines schwarzen Diamanten vermuten l\u00e4sst, und damit das Ziel des Unternehmens, eine werbewirksame Form zu verwirklichen, gestalterisch zum Ausdruck zu bringen.<br \/>\nDie pr\u00e4zise Verarbeitung des Werkstoffes Holz mit den unterschiedlich zueinander geneigten Fl\u00e4chen hat zu einer kurzen Bauzeit und finanziell zu einem vern\u00fcnftigen Ergebnis gef\u00fchrt. Mit dem Einsatz des Werkstoffes Holz kann der Umweltschutz als sehr positiv betrachtet werden.<br \/>\nEine Umsetzung solch eines Projektes bedarf der Inspiration des Bauherrn, der die Vorgaben f\u00fcr die Umsetzung gibt, es bedarf der Inspiration des Architekten, der die Umsetzung in funktionaler, formaler und finanzieller M\u00f6glichkeiten auszuloten versteht und den ausf\u00fchrenden Firmen, die die ersten beiden genannten Grundlagen zu einer baulichen Realit\u00e4t werden lassen.<\/p>\n","protected":false},"excerpt":{"rendered":"<p>V\u00f6lkermarkt, 2012 Neubau der Firmenzentrale in V\u00f6lkermarkt, K\u00e4rnten Architekt Goltnik \u00fcber das Projekt: &#8222;Die neue Firmenzentrale der Fenster Dreier GmbH wirkt von au\u00dfen eher unaufdringlich im Gegensatz zum inneren Erscheinungsbild und nicht zum ersten Mal bei meinen Projekten hat der Neubau einen landschaftlichen Bezug zur Umgebung. Der Schwerpunkt liegt im r\u00e4umlich Inneren und spiegelt sich [&hellip;]<\/p>\n","protected":false},"author":1,"featured_media":313,"comment_status":"open","ping_status":"open","sticky":false,"template":"","format":"standard","meta":[],"categories":[6,12],"tags":[],"yoast_head":"<!-- This site is optimized with the Yoast SEO plugin v17.6 - https:\/\/yoast.com\/wordpress\/plugins\/seo\/ -->\n<title>Fenster Dreier, V\u00f6lkermarkt - Architekt Goltnik ZT-GmbH<\/title>\n<meta name=\"robots\" content=\"index, follow, max-snippet:-1, max-image-preview:large, max-video-preview:-1\" \/>\n<link rel=\"canonical\" href=\"https:\/\/www.goltnik.com\/goltnik\/fenster-dreier-voelkermarkt\/\" \/>\n<meta property=\"og:locale\" content=\"de_DE\" \/>\n<meta property=\"og:type\" content=\"article\" \/>\n<meta property=\"og:title\" content=\"Fenster Dreier, V\u00f6lkermarkt - Architekt Goltnik ZT-GmbH\" \/>\n<meta property=\"og:description\" content=\"V\u00f6lkermarkt, 2012 Neubau der Firmenzentrale in V\u00f6lkermarkt, K\u00e4rnten Architekt Goltnik \u00fcber das Projekt: &#8222;Die neue Firmenzentrale der Fenster Dreier GmbH wirkt von au\u00dfen eher unaufdringlich im Gegensatz zum inneren Erscheinungsbild und nicht zum ersten Mal bei meinen Projekten hat der Neubau einen landschaftlichen Bezug zur Umgebung. Der Schwerpunkt liegt im r\u00e4umlich Inneren und spiegelt sich [&hellip;]\" \/>\n<meta property=\"og:url\" content=\"https:\/\/www.goltnik.com\/goltnik\/fenster-dreier-voelkermarkt\/\" \/>\n<meta property=\"og:site_name\" content=\"Architekt Goltnik ZT-GmbH\" \/>\n<meta property=\"article:published_time\" content=\"2012-08-18T11:04:52+00:00\" \/>\n<meta property=\"article:modified_time\" content=\"2018-04-30T08:15:30+00:00\" \/>\n<meta property=\"og:image\" content=\"https:\/\/www.goltnik.com\/goltnik\/wp-content\/uploads\/Goltnik\/Gewerbe&#038;Industrie\/FensterDreier\/DRV_87-1.jpg\" \/>\n\t<meta property=\"og:image:width\" content=\"698\" \/>\n\t<meta property=\"og:image:height\" content=\"393\" \/>\n<meta name=\"twitter:card\" content=\"summary_large_image\" \/>\n<meta name=\"twitter:label1\" content=\"Verfasst von\" \/>\n\t<meta name=\"twitter:data1\" content=\"mobileanimation\" \/>\n\t<meta name=\"twitter:label2\" content=\"Gesch\u00e4tzte Lesezeit\" \/>\n\t<meta name=\"twitter:data2\" content=\"3\u00a0Minuten\" \/>\n<script type=\"application\/ld+json\" class=\"yoast-schema-graph\">{\"@context\":\"https:\/\/schema.org\",\"@graph\":[{\"@type\":\"WebSite\",\"@id\":\"https:\/\/www.goltnik.com\/goltnik\/#website\",\"url\":\"https:\/\/www.goltnik.com\/goltnik\/\",\"name\":\"Architekt Goltnik ZT-GmbH\",\"description\":\"\",\"potentialAction\":[{\"@type\":\"SearchAction\",\"target\":{\"@type\":\"EntryPoint\",\"urlTemplate\":\"https:\/\/www.goltnik.com\/goltnik\/?s={search_term_string}\"},\"query-input\":\"required name=search_term_string\"}],\"inLanguage\":\"de\"},{\"@type\":\"ImageObject\",\"@id\":\"https:\/\/www.goltnik.com\/goltnik\/fenster-dreier-voelkermarkt\/#primaryimage\",\"inLanguage\":\"de\",\"url\":\"http:\/\/www.goltnik.com\/goltnik\/wp-content\/uploads\/Goltnik\/Gewerbe&Industrie\/FensterDreier\/DRV_87-1.jpg\",\"contentUrl\":\"http:\/\/www.goltnik.com\/goltnik\/wp-content\/uploads\/Goltnik\/Gewerbe&Industrie\/FensterDreier\/DRV_87-1.jpg\",\"width\":698,\"height\":393},{\"@type\":\"WebPage\",\"@id\":\"https:\/\/www.goltnik.com\/goltnik\/fenster-dreier-voelkermarkt\/#webpage\",\"url\":\"https:\/\/www.goltnik.com\/goltnik\/fenster-dreier-voelkermarkt\/\",\"name\":\"Fenster Dreier, V\\u00f6lkermarkt - Architekt Goltnik ZT-GmbH\",\"isPartOf\":{\"@id\":\"https:\/\/www.goltnik.com\/goltnik\/#website\"},\"primaryImageOfPage\":{\"@id\":\"https:\/\/www.goltnik.com\/goltnik\/fenster-dreier-voelkermarkt\/#primaryimage\"},\"datePublished\":\"2012-08-18T11:04:52+00:00\",\"dateModified\":\"2018-04-30T08:15:30+00:00\",\"author\":{\"@id\":\"https:\/\/www.goltnik.com\/goltnik\/#\/schema\/person\/33ff4c7294071c9ab3538cd54036687c\"},\"breadcrumb\":{\"@id\":\"https:\/\/www.goltnik.com\/goltnik\/fenster-dreier-voelkermarkt\/#breadcrumb\"},\"inLanguage\":\"de\",\"potentialAction\":[{\"@type\":\"ReadAction\",\"target\":[\"https:\/\/www.goltnik.com\/goltnik\/fenster-dreier-voelkermarkt\/\"]}]},{\"@type\":\"BreadcrumbList\",\"@id\":\"https:\/\/www.goltnik.com\/goltnik\/fenster-dreier-voelkermarkt\/#breadcrumb\",\"itemListElement\":[{\"@type\":\"ListItem\",\"position\":1,\"name\":\"Startseite\",\"item\":\"https:\/\/www.goltnik.com\/goltnik\/\"},{\"@type\":\"ListItem\",\"position\":2,\"name\":\"Fenster Dreier, V\\u00f6lkermarkt\"}]},{\"@type\":\"Person\",\"@id\":\"https:\/\/www.goltnik.com\/goltnik\/#\/schema\/person\/33ff4c7294071c9ab3538cd54036687c\",\"name\":\"mobileanimation\",\"image\":{\"@type\":\"ImageObject\",\"@id\":\"https:\/\/www.goltnik.com\/goltnik\/#personlogo\",\"inLanguage\":\"de\",\"url\":\"http:\/\/0.gravatar.com\/avatar\/c17dd0425cbe075d579cddc9ba849ec0?s=96&d=mm&r=g\",\"contentUrl\":\"http:\/\/0.gravatar.com\/avatar\/c17dd0425cbe075d579cddc9ba849ec0?s=96&d=mm&r=g\",\"caption\":\"mobileanimation\"},\"url\":\"http:\/\/www.goltnik.com\/goltnik\/author\/mobileanimation\/\"}]}<\/script>\n<!-- \/ Yoast SEO plugin. -->","yoast_head_json":{"title":"Fenster Dreier, V\u00f6lkermarkt - Architekt Goltnik ZT-GmbH","robots":{"index":"index","follow":"follow","max-snippet":"max-snippet:-1","max-image-preview":"max-image-preview:large","max-video-preview":"max-video-preview:-1"},"canonical":"https:\/\/www.goltnik.com\/goltnik\/fenster-dreier-voelkermarkt\/","og_locale":"de_DE","og_type":"article","og_title":"Fenster Dreier, V\u00f6lkermarkt - Architekt Goltnik ZT-GmbH","og_description":"V\u00f6lkermarkt, 2012 Neubau der Firmenzentrale in V\u00f6lkermarkt, K\u00e4rnten Architekt Goltnik \u00fcber das Projekt: &#8222;Die neue Firmenzentrale der Fenster Dreier GmbH wirkt von au\u00dfen eher unaufdringlich im Gegensatz zum inneren Erscheinungsbild und nicht zum ersten Mal bei meinen Projekten hat der Neubau einen landschaftlichen Bezug zur Umgebung. Der Schwerpunkt liegt im r\u00e4umlich Inneren und spiegelt sich [&hellip;]","og_url":"https:\/\/www.goltnik.com\/goltnik\/fenster-dreier-voelkermarkt\/","og_site_name":"Architekt Goltnik ZT-GmbH","article_published_time":"2012-08-18T11:04:52+00:00","article_modified_time":"2018-04-30T08:15:30+00:00","og_image":[{"width":698,"height":393,"url":"https:\/\/www.goltnik.com\/goltnik\/wp-content\/uploads\/Goltnik\/Gewerbe&Industrie\/FensterDreier\/DRV_87-1.jpg","type":"image\/jpeg"}],"twitter_card":"summary_large_image","twitter_misc":{"Verfasst von":"mobileanimation","Gesch\u00e4tzte Lesezeit":"3\u00a0Minuten"},"schema":{"@context":"https:\/\/schema.org","@graph":[{"@type":"WebSite","@id":"https:\/\/www.goltnik.com\/goltnik\/#website","url":"https:\/\/www.goltnik.com\/goltnik\/","name":"Architekt Goltnik ZT-GmbH","description":"","potentialAction":[{"@type":"SearchAction","target":{"@type":"EntryPoint","urlTemplate":"https:\/\/www.goltnik.com\/goltnik\/?s={search_term_string}"},"query-input":"required name=search_term_string"}],"inLanguage":"de"},{"@type":"ImageObject","@id":"https:\/\/www.goltnik.com\/goltnik\/fenster-dreier-voelkermarkt\/#primaryimage","inLanguage":"de","url":"http:\/\/www.goltnik.com\/goltnik\/wp-content\/uploads\/Goltnik\/Gewerbe&Industrie\/FensterDreier\/DRV_87-1.jpg","contentUrl":"http:\/\/www.goltnik.com\/goltnik\/wp-content\/uploads\/Goltnik\/Gewerbe&Industrie\/FensterDreier\/DRV_87-1.jpg","width":698,"height":393},{"@type":"WebPage","@id":"https:\/\/www.goltnik.com\/goltnik\/fenster-dreier-voelkermarkt\/#webpage","url":"https:\/\/www.goltnik.com\/goltnik\/fenster-dreier-voelkermarkt\/","name":"Fenster Dreier, V\u00f6lkermarkt - Architekt Goltnik ZT-GmbH","isPartOf":{"@id":"https:\/\/www.goltnik.com\/goltnik\/#website"},"primaryImageOfPage":{"@id":"https:\/\/www.goltnik.com\/goltnik\/fenster-dreier-voelkermarkt\/#primaryimage"},"datePublished":"2012-08-18T11:04:52+00:00","dateModified":"2018-04-30T08:15:30+00:00","author":{"@id":"https:\/\/www.goltnik.com\/goltnik\/#\/schema\/person\/33ff4c7294071c9ab3538cd54036687c"},"breadcrumb":{"@id":"https:\/\/www.goltnik.com\/goltnik\/fenster-dreier-voelkermarkt\/#breadcrumb"},"inLanguage":"de","potentialAction":[{"@type":"ReadAction","target":["https:\/\/www.goltnik.com\/goltnik\/fenster-dreier-voelkermarkt\/"]}]},{"@type":"BreadcrumbList","@id":"https:\/\/www.goltnik.com\/goltnik\/fenster-dreier-voelkermarkt\/#breadcrumb","itemListElement":[{"@type":"ListItem","position":1,"name":"Startseite","item":"https:\/\/www.goltnik.com\/goltnik\/"},{"@type":"ListItem","position":2,"name":"Fenster Dreier, V\u00f6lkermarkt"}]},{"@type":"Person","@id":"https:\/\/www.goltnik.com\/goltnik\/#\/schema\/person\/33ff4c7294071c9ab3538cd54036687c","name":"mobileanimation","image":{"@type":"ImageObject","@id":"https:\/\/www.goltnik.com\/goltnik\/#personlogo","inLanguage":"de","url":"http:\/\/0.gravatar.com\/avatar\/c17dd0425cbe075d579cddc9ba849ec0?s=96&d=mm&r=g","contentUrl":"http:\/\/0.gravatar.com\/avatar\/c17dd0425cbe075d579cddc9ba849ec0?s=96&d=mm&r=g","caption":"mobileanimation"},"url":"http:\/\/www.goltnik.com\/goltnik\/author\/mobileanimation\/"}]}},"_links":{"self":[{"href":"http:\/\/www.goltnik.com\/goltnik\/wp-json\/wp\/v2\/posts\/134"}],"collection":[{"href":"http:\/\/www.goltnik.com\/goltnik\/wp-json\/wp\/v2\/posts"}],"about":[{"href":"http:\/\/www.goltnik.com\/goltnik\/wp-json\/wp\/v2\/types\/post"}],"author":[{"embeddable":true,"href":"http:\/\/www.goltnik.com\/goltnik\/wp-json\/wp\/v2\/users\/1"}],"replies":[{"embeddable":true,"href":"http:\/\/www.goltnik.com\/goltnik\/wp-json\/wp\/v2\/comments?post=134"}],"version-history":[{"count":116,"href":"http:\/\/www.goltnik.com\/goltnik\/wp-json\/wp\/v2\/posts\/134\/revisions"}],"predecessor-version":[{"id":3481,"href":"http:\/\/www.goltnik.com\/goltnik\/wp-json\/wp\/v2\/posts\/134\/revisions\/3481"}],"wp:featuredmedia":[{"embeddable":true,"href":"http:\/\/www.goltnik.com\/goltnik\/wp-json\/wp\/v2\/media\/313"}],"wp:attachment":[{"href":"http:\/\/www.goltnik.com\/goltnik\/wp-json\/wp\/v2\/media?parent=134"}],"wp:term":[{"taxonomy":"category","embeddable":true,"href":"http:\/\/www.goltnik.com\/goltnik\/wp-json\/wp\/v2\/categories?post=134"},{"taxonomy":"post_tag","embeddable":true,"href":"http:\/\/www.goltnik.com\/goltnik\/wp-json\/wp\/v2\/tags?post=134"}],"curies":[{"name":"wp","href":"https:\/\/api.w.org\/{rel}","templated":true}]}}