{"id":3113,"date":"2018-01-26T09:37:42","date_gmt":"2018-01-26T08:37:42","guid":{"rendered":"http:\/\/goltnik.mobileanimation.at\/goltnik\/?p=3113"},"modified":"2024-08-27T12:17:03","modified_gmt":"2024-08-27T10:17:03","slug":"zubau-bgbrg-oeverseegasse","status":"publish","type":"post","link":"http:\/\/www.goltnik.com\/goltnik\/zubau-bgbrg-oeverseegasse\/","title":{"rendered":"Zubau f\u00fcr BG\/BRG Oeversee in Graz"},"content":{"rendered":"<p><strong>Graz, 2017\/2018<\/strong><\/p>\n<p><strong>Zubau f\u00fcr das BG\/BRG Oeversee<\/strong><\/p>\n<p>Nach unseren Pl\u00e4nen wurde der Innenhofbereich des BG\/BRG Oeverseegasse im Erdgescho\u00df vollfl\u00e4chig bebaut. Nun stehen hier ein Speiseraum und eine Aufw\u00e4rmk\u00fcche zur Verf\u00fcgung. An der Nordfassade des bestehenden &#8222;Klassenzubaus&#8220; erfolgte zudem ein zweigescho\u00dfiger, l\u00e4nglicher Zubau mit Terrassen und einer Aufzugsanlage. Sie stellt die zuvor nicht vorhandene Barrierefreiheit des Klassentraktes und des Turnsaaltraktes her.<\/p>\n<p>Bauherr war die BIG, Bundesimmobiliengesellschaft.m.b.H.<\/p>\n<p><a href=\"http:\/\/goltnik.com\/goltnik\/wp-content\/uploads\/2018\/01\/Link-zur-Oeversee-Website.pdf\">Beitrag auf der\u00a0Oeversee-Website<\/a><\/p>\n<p><strong>Fertig gestellter Zubau:<\/strong><\/p>\n<p><img loading=\"lazy\" class=\"alignnone size-medium wp-image-3539\" src=\"http:\/\/www.goltnik.com\/goltnik\/wp-content\/uploads\/2018\/05\/P1060474-300x225.jpg\" alt=\"\" width=\"300\" height=\"225\" \/> <img loading=\"lazy\" class=\"alignnone size-medium wp-image-3538\" src=\"http:\/\/www.goltnik.com\/goltnik\/wp-content\/uploads\/2018\/05\/P1060469-300x225.jpg\" alt=\"\" width=\"300\" height=\"225\" \/> <img loading=\"lazy\" class=\"alignnone size-medium wp-image-3535\" src=\"http:\/\/www.goltnik.com\/goltnik\/wp-content\/uploads\/2018\/05\/P1060420-300x225.jpg\" alt=\"\" width=\"300\" height=\"225\" \/><\/p>\n<p><img loading=\"lazy\" class=\"alignnone size-medium wp-image-3509\" src=\"http:\/\/www.goltnik.com\/goltnik\/wp-content\/uploads\/2018\/01\/P1060246-300x225.jpg\" alt=\"\" width=\"300\" height=\"225\" \/><\/p>\n<p><img loading=\"lazy\" class=\"alignnone size-medium wp-image-3537\" src=\"http:\/\/www.goltnik.com\/goltnik\/wp-content\/uploads\/2018\/05\/P1060464-300x225.jpg\" alt=\"\" width=\"300\" height=\"225\" \/>\u00a0<img loading=\"lazy\" class=\"alignnone wp-image-3505\" src=\"http:\/\/www.goltnik.com\/goltnik\/wp-content\/uploads\/2018\/01\/P1060067-300x225.jpg\" alt=\"\" width=\"300\" height=\"225\" \/><\/p>\n<p><img loading=\"lazy\" class=\"alignnone size-medium wp-image-3508\" src=\"http:\/\/www.goltnik.com\/goltnik\/wp-content\/uploads\/2018\/01\/P1060208-e1525081166375-225x300.jpg\" alt=\"\" width=\"225\" height=\"300\" \/><\/p>\n<p><strong>Baustellenbilder:<\/strong><\/p>\n<p><strong><img loading=\"lazy\" class=\"alignnone size-medium wp-image-3330\" src=\"http:\/\/goltnik.com\/goltnik\/wp-content\/uploads\/2018\/01\/P1050234-300x225.jpg\" alt=\"\" width=\"300\" height=\"225\" \/> <img loading=\"lazy\" class=\"alignnone size-medium wp-image-3331\" src=\"http:\/\/goltnik.com\/goltnik\/wp-content\/uploads\/2018\/01\/P1050264-300x225.jpg\" alt=\"\" width=\"300\" height=\"225\" srcset=\"http:\/\/www.goltnik.com\/goltnik\/wp-content\/uploads\/2018\/01\/P1050264-300x225.jpg 300w, http:\/\/www.goltnik.com\/goltnik\/wp-content\/uploads\/2018\/01\/P1050264-768x576.jpg 768w, http:\/\/www.goltnik.com\/goltnik\/wp-content\/uploads\/2018\/01\/P1050264-1024x768.jpg 1024w\" sizes=\"(max-width: 300px) 100vw, 300px\" \/> <img loading=\"lazy\" class=\"alignnone size-medium wp-image-3332\" src=\"http:\/\/goltnik.com\/goltnik\/wp-content\/uploads\/2018\/01\/P1050271-300x225.jpg\" alt=\"\" width=\"300\" height=\"225\" srcset=\"http:\/\/www.goltnik.com\/goltnik\/wp-content\/uploads\/2018\/01\/P1050271-300x225.jpg 300w, http:\/\/www.goltnik.com\/goltnik\/wp-content\/uploads\/2018\/01\/P1050271-768x576.jpg 768w, http:\/\/www.goltnik.com\/goltnik\/wp-content\/uploads\/2018\/01\/P1050271-1024x768.jpg 1024w\" sizes=\"(max-width: 300px) 100vw, 300px\" \/><\/strong><\/p>\n<p>&nbsp;<\/p>\n","protected":false},"excerpt":{"rendered":"<p>Graz, 2017\/2018 Zubau f\u00fcr das BG\/BRG Oeversee Nach unseren Pl\u00e4nen wurde der Innenhofbereich des BG\/BRG Oeverseegasse im Erdgescho\u00df vollfl\u00e4chig bebaut. Nun stehen hier ein Speiseraum und eine Aufw\u00e4rmk\u00fcche zur Verf\u00fcgung. An der Nordfassade des bestehenden &#8222;Klassenzubaus&#8220; erfolgte zudem ein zweigescho\u00dfiger, l\u00e4nglicher Zubau mit Terrassen und einer Aufzugsanlage. Sie stellt die zuvor nicht vorhandene Barrierefreiheit des [&hellip;]<\/p>\n","protected":false},"author":2,"featured_media":3512,"comment_status":"open","ping_status":"open","sticky":false,"template":"","format":"standard","meta":[],"categories":[5,3,12],"tags":[25],"yoast_head":"<!-- This site is optimized with the Yoast SEO plugin v17.6 - https:\/\/yoast.com\/wordpress\/plugins\/seo\/ -->\n<title>Zubau f\u00fcr BG\/BRG Oeversee in Graz - Architekt Goltnik ZT-GmbH<\/title>\n<meta name=\"description\" content=\"Der Innenhof-Bereich des BG\/BRG Oeverseegasse in Graz wurde nach den Pl\u00e4nen des B\u00fcros Architekt Goltnik im Erdgescho\u00df vollfl\u00e4chig verbaut.\" \/>\n<meta name=\"robots\" content=\"index, follow, max-snippet:-1, max-image-preview:large, max-video-preview:-1\" \/>\n<link rel=\"canonical\" href=\"https:\/\/www.goltnik.com\/goltnik\/zubau-bgbrg-oeverseegasse\/\" \/>\n<meta property=\"og:locale\" content=\"de_DE\" \/>\n<meta property=\"og:type\" content=\"article\" \/>\n<meta property=\"og:title\" content=\"Zubau f\u00fcr BG\/BRG Oeversee in Graz - Architekt Goltnik ZT-GmbH\" \/>\n<meta property=\"og:description\" content=\"Der Innenhof-Bereich des BG\/BRG Oeverseegasse in Graz wurde nach den Pl\u00e4nen des B\u00fcros Architekt Goltnik im Erdgescho\u00df vollfl\u00e4chig verbaut.\" \/>\n<meta property=\"og:url\" content=\"https:\/\/www.goltnik.com\/goltnik\/zubau-bgbrg-oeverseegasse\/\" \/>\n<meta property=\"og:site_name\" content=\"Architekt Goltnik ZT-GmbH\" \/>\n<meta property=\"article:published_time\" content=\"2018-01-26T08:37:42+00:00\" \/>\n<meta property=\"article:modified_time\" content=\"2024-08-27T10:17:03+00:00\" \/>\n<meta property=\"og:image\" content=\"https:\/\/www.goltnik.com\/goltnik\/wp-content\/uploads\/2018\/04\/P1060284.jpg\" \/>\n\t<meta property=\"og:image:width\" content=\"1024\" \/>\n\t<meta property=\"og:image:height\" content=\"768\" \/>\n<meta name=\"twitter:card\" content=\"summary_large_image\" \/>\n<meta name=\"twitter:label1\" content=\"Verfasst von\" \/>\n\t<meta name=\"twitter:data1\" content=\"Brigitte Reisinger\" \/>\n\t<meta name=\"twitter:label2\" content=\"Gesch\u00e4tzte Lesezeit\" \/>\n\t<meta name=\"twitter:data2\" content=\"3\u00a0Minuten\" \/>\n<script type=\"application\/ld+json\" class=\"yoast-schema-graph\">{\"@context\":\"https:\/\/schema.org\",\"@graph\":[{\"@type\":\"WebSite\",\"@id\":\"https:\/\/www.goltnik.com\/goltnik\/#website\",\"url\":\"https:\/\/www.goltnik.com\/goltnik\/\",\"name\":\"Architekt Goltnik ZT-GmbH\",\"description\":\"\",\"potentialAction\":[{\"@type\":\"SearchAction\",\"target\":{\"@type\":\"EntryPoint\",\"urlTemplate\":\"https:\/\/www.goltnik.com\/goltnik\/?s={search_term_string}\"},\"query-input\":\"required name=search_term_string\"}],\"inLanguage\":\"de\"},{\"@type\":\"ImageObject\",\"@id\":\"https:\/\/www.goltnik.com\/goltnik\/zubau-bgbrg-oeverseegasse\/#primaryimage\",\"inLanguage\":\"de\",\"url\":\"http:\/\/www.goltnik.com\/goltnik\/wp-content\/uploads\/2018\/04\/P1060284.jpg\",\"contentUrl\":\"http:\/\/www.goltnik.com\/goltnik\/wp-content\/uploads\/2018\/04\/P1060284.jpg\",\"width\":1024,\"height\":768},{\"@type\":\"WebPage\",\"@id\":\"https:\/\/www.goltnik.com\/goltnik\/zubau-bgbrg-oeverseegasse\/#webpage\",\"url\":\"https:\/\/www.goltnik.com\/goltnik\/zubau-bgbrg-oeverseegasse\/\",\"name\":\"Zubau f\\u00fcr BG\/BRG Oeversee in Graz - Architekt Goltnik ZT-GmbH\",\"isPartOf\":{\"@id\":\"https:\/\/www.goltnik.com\/goltnik\/#website\"},\"primaryImageOfPage\":{\"@id\":\"https:\/\/www.goltnik.com\/goltnik\/zubau-bgbrg-oeverseegasse\/#primaryimage\"},\"datePublished\":\"2018-01-26T08:37:42+00:00\",\"dateModified\":\"2024-08-27T10:17:03+00:00\",\"author\":{\"@id\":\"https:\/\/www.goltnik.com\/goltnik\/#\/schema\/person\/08117ab573891db59ffca2a5a34d4a2e\"},\"description\":\"Der Innenhof-Bereich des BG\/BRG Oeverseegasse in Graz wurde nach den Pl\\u00e4nen des B\\u00fcros Architekt Goltnik im Erdgescho\\u00df vollfl\\u00e4chig verbaut.\",\"breadcrumb\":{\"@id\":\"https:\/\/www.goltnik.com\/goltnik\/zubau-bgbrg-oeverseegasse\/#breadcrumb\"},\"inLanguage\":\"de\",\"potentialAction\":[{\"@type\":\"ReadAction\",\"target\":[\"https:\/\/www.goltnik.com\/goltnik\/zubau-bgbrg-oeverseegasse\/\"]}]},{\"@type\":\"BreadcrumbList\",\"@id\":\"https:\/\/www.goltnik.com\/goltnik\/zubau-bgbrg-oeverseegasse\/#breadcrumb\",\"itemListElement\":[{\"@type\":\"ListItem\",\"position\":1,\"name\":\"Startseite\",\"item\":\"https:\/\/www.goltnik.com\/goltnik\/\"},{\"@type\":\"ListItem\",\"position\":2,\"name\":\"Zubau f\\u00fcr BG\/BRG Oeversee in Graz\"}]},{\"@type\":\"Person\",\"@id\":\"https:\/\/www.goltnik.com\/goltnik\/#\/schema\/person\/08117ab573891db59ffca2a5a34d4a2e\",\"name\":\"Brigitte Reisinger\",\"image\":{\"@type\":\"ImageObject\",\"@id\":\"https:\/\/www.goltnik.com\/goltnik\/#personlogo\",\"inLanguage\":\"de\",\"url\":\"http:\/\/0.gravatar.com\/avatar\/346ac104923188d274fd63b2a6793a35?s=96&d=mm&r=g\",\"contentUrl\":\"http:\/\/0.gravatar.com\/avatar\/346ac104923188d274fd63b2a6793a35?s=96&d=mm&r=g\",\"caption\":\"Brigitte Reisinger\"},\"url\":\"http:\/\/www.goltnik.com\/goltnik\/author\/goltnikadmin\/\"}]}<\/script>\n<!-- \/ Yoast SEO plugin. -->","yoast_head_json":{"title":"Zubau f\u00fcr BG\/BRG Oeversee in Graz - Architekt Goltnik ZT-GmbH","description":"Der Innenhof-Bereich des BG\/BRG Oeverseegasse in Graz wurde nach den Pl\u00e4nen des B\u00fcros Architekt Goltnik im Erdgescho\u00df vollfl\u00e4chig verbaut.","robots":{"index":"index","follow":"follow","max-snippet":"max-snippet:-1","max-image-preview":"max-image-preview:large","max-video-preview":"max-video-preview:-1"},"canonical":"https:\/\/www.goltnik.com\/goltnik\/zubau-bgbrg-oeverseegasse\/","og_locale":"de_DE","og_type":"article","og_title":"Zubau f\u00fcr BG\/BRG Oeversee in Graz - Architekt Goltnik ZT-GmbH","og_description":"Der Innenhof-Bereich des BG\/BRG Oeverseegasse in Graz wurde nach den Pl\u00e4nen des B\u00fcros Architekt Goltnik im Erdgescho\u00df vollfl\u00e4chig verbaut.","og_url":"https:\/\/www.goltnik.com\/goltnik\/zubau-bgbrg-oeverseegasse\/","og_site_name":"Architekt Goltnik ZT-GmbH","article_published_time":"2018-01-26T08:37:42+00:00","article_modified_time":"2024-08-27T10:17:03+00:00","og_image":[{"width":1024,"height":768,"url":"https:\/\/www.goltnik.com\/goltnik\/wp-content\/uploads\/2018\/04\/P1060284.jpg","type":"image\/jpeg"}],"twitter_card":"summary_large_image","twitter_misc":{"Verfasst von":"Brigitte Reisinger","Gesch\u00e4tzte Lesezeit":"3\u00a0Minuten"},"schema":{"@context":"https:\/\/schema.org","@graph":[{"@type":"WebSite","@id":"https:\/\/www.goltnik.com\/goltnik\/#website","url":"https:\/\/www.goltnik.com\/goltnik\/","name":"Architekt Goltnik ZT-GmbH","description":"","potentialAction":[{"@type":"SearchAction","target":{"@type":"EntryPoint","urlTemplate":"https:\/\/www.goltnik.com\/goltnik\/?s={search_term_string}"},"query-input":"required name=search_term_string"}],"inLanguage":"de"},{"@type":"ImageObject","@id":"https:\/\/www.goltnik.com\/goltnik\/zubau-bgbrg-oeverseegasse\/#primaryimage","inLanguage":"de","url":"http:\/\/www.goltnik.com\/goltnik\/wp-content\/uploads\/2018\/04\/P1060284.jpg","contentUrl":"http:\/\/www.goltnik.com\/goltnik\/wp-content\/uploads\/2018\/04\/P1060284.jpg","width":1024,"height":768},{"@type":"WebPage","@id":"https:\/\/www.goltnik.com\/goltnik\/zubau-bgbrg-oeverseegasse\/#webpage","url":"https:\/\/www.goltnik.com\/goltnik\/zubau-bgbrg-oeverseegasse\/","name":"Zubau f\u00fcr BG\/BRG Oeversee in Graz - Architekt Goltnik ZT-GmbH","isPartOf":{"@id":"https:\/\/www.goltnik.com\/goltnik\/#website"},"primaryImageOfPage":{"@id":"https:\/\/www.goltnik.com\/goltnik\/zubau-bgbrg-oeverseegasse\/#primaryimage"},"datePublished":"2018-01-26T08:37:42+00:00","dateModified":"2024-08-27T10:17:03+00:00","author":{"@id":"https:\/\/www.goltnik.com\/goltnik\/#\/schema\/person\/08117ab573891db59ffca2a5a34d4a2e"},"description":"Der Innenhof-Bereich des BG\/BRG Oeverseegasse in Graz wurde nach den Pl\u00e4nen des B\u00fcros Architekt Goltnik im Erdgescho\u00df vollfl\u00e4chig verbaut.","breadcrumb":{"@id":"https:\/\/www.goltnik.com\/goltnik\/zubau-bgbrg-oeverseegasse\/#breadcrumb"},"inLanguage":"de","potentialAction":[{"@type":"ReadAction","target":["https:\/\/www.goltnik.com\/goltnik\/zubau-bgbrg-oeverseegasse\/"]}]},{"@type":"BreadcrumbList","@id":"https:\/\/www.goltnik.com\/goltnik\/zubau-bgbrg-oeverseegasse\/#breadcrumb","itemListElement":[{"@type":"ListItem","position":1,"name":"Startseite","item":"https:\/\/www.goltnik.com\/goltnik\/"},{"@type":"ListItem","position":2,"name":"Zubau f\u00fcr BG\/BRG Oeversee in Graz"}]},{"@type":"Person","@id":"https:\/\/www.goltnik.com\/goltnik\/#\/schema\/person\/08117ab573891db59ffca2a5a34d4a2e","name":"Brigitte Reisinger","image":{"@type":"ImageObject","@id":"https:\/\/www.goltnik.com\/goltnik\/#personlogo","inLanguage":"de","url":"http:\/\/0.gravatar.com\/avatar\/346ac104923188d274fd63b2a6793a35?s=96&d=mm&r=g","contentUrl":"http:\/\/0.gravatar.com\/avatar\/346ac104923188d274fd63b2a6793a35?s=96&d=mm&r=g","caption":"Brigitte Reisinger"},"url":"http:\/\/www.goltnik.com\/goltnik\/author\/goltnikadmin\/"}]}},"_links":{"self":[{"href":"http:\/\/www.goltnik.com\/goltnik\/wp-json\/wp\/v2\/posts\/3113"}],"collection":[{"href":"http:\/\/www.goltnik.com\/goltnik\/wp-json\/wp\/v2\/posts"}],"about":[{"href":"http:\/\/www.goltnik.com\/goltnik\/wp-json\/wp\/v2\/types\/post"}],"author":[{"embeddable":true,"href":"http:\/\/www.goltnik.com\/goltnik\/wp-json\/wp\/v2\/users\/2"}],"replies":[{"embeddable":true,"href":"http:\/\/www.goltnik.com\/goltnik\/wp-json\/wp\/v2\/comments?post=3113"}],"version-history":[{"count":27,"href":"http:\/\/www.goltnik.com\/goltnik\/wp-json\/wp\/v2\/posts\/3113\/revisions"}],"predecessor-version":[{"id":4196,"href":"http:\/\/www.goltnik.com\/goltnik\/wp-json\/wp\/v2\/posts\/3113\/revisions\/4196"}],"wp:featuredmedia":[{"embeddable":true,"href":"http:\/\/www.goltnik.com\/goltnik\/wp-json\/wp\/v2\/media\/3512"}],"wp:attachment":[{"href":"http:\/\/www.goltnik.com\/goltnik\/wp-json\/wp\/v2\/media?parent=3113"}],"wp:term":[{"taxonomy":"category","embeddable":true,"href":"http:\/\/www.goltnik.com\/goltnik\/wp-json\/wp\/v2\/categories?post=3113"},{"taxonomy":"post_tag","embeddable":true,"href":"http:\/\/www.goltnik.com\/goltnik\/wp-json\/wp\/v2\/tags?post=3113"}],"curies":[{"name":"wp","href":"https:\/\/api.w.org\/{rel}","templated":true}]}}