{"id":560,"date":"2011-10-02T11:37:48","date_gmt":"2011-10-02T09:37:48","guid":{"rendered":"http:\/\/goltnik.mobileanimation.at\/?p=560"},"modified":"2018-04-30T09:51:48","modified_gmt":"2018-04-30T07:51:48","slug":"odoerfer","status":"publish","type":"post","link":"http:\/\/www.goltnik.com\/goltnik\/odoerfer\/","title":{"rendered":"Od\u00f6rfer, Graz"},"content":{"rendered":"<p><strong>Graz, 2011<\/strong><\/p>\n<h3>Neuer Au\u00dfenauftritt der Firma Od\u00f6rfer<\/h3>\n<p>Am 8. September 2010 bekamen wir die gute Nachricht, dass wir den von der Firma Od\u00f6rfer ausgeschriebenen Wettbewerb\u00a0betreffend die Neugestaltung des Au\u00dfenauftritts des Unternehmens gewonnen haben! Danach wurde konzipiert, entworfen und geplant und das Projekt im Mai 2011 fertiggestellt.<\/p>\n<p>&nbsp;<\/p>\n<h3>Projektbeschreibung<\/h3>\n<p>Ziel war das Errichten eines Daches in Form einer abstrakten Wasserskulptur als Blickfang in der Herrgottwiesgasse ausgehend von der Corporate Identity der Firma OD\u00d6RFER. Auch wurde durch die Wasserskulptur als \u201eGegengewicht\u201c das in die \u201eMitte R\u00fccken\u201c des Haupteinganges erreicht.<\/p>\n<p>&nbsp;<\/p>\n<p>Durch diese abstrakte Darstellung des Elementes Wasser kommt Bewegung in die ganze Herrgottwiesgasse, die auf diese Weise auch st\u00e4dtebaulich aufgewertet wird.<\/p>\n<p>&nbsp;<\/p>\n<p>In Abstimmung mit der Stadt Graz wurde die dortige Haltestelle neu mitdesignt und f\u00fcgt sich nun harmonisch in das Gesamtbild der Wasserskulptur ein. Des weiteren bietet die Skulptur auch einen \u00fcberdachten Zugang vom Parkplatz zum Haupteingang.<\/p>\n<p>&nbsp;<\/p>\n<p>Durch die Errichtung der \u201eWasserskulptur\u201c in exakter und hochwertiger Ausf\u00fchrung im Rahmen der vorgegebenen Kosten wurde der Corporate Identity der Firma OD\u00d6RFER ein dynamischer Ausdruck verliehen und die Zielsetzung, die Positionierung der wertvollen und innovativen Marke \u201eOD\u00d6RFER\u201c zu verst\u00e4rken, erreicht.<\/p>\n<p>L\u00e4nge der \u00dcberdachung: 100m<br \/>\nNetto-Baukosten: \u20ac 0,60 mio.<\/p>\n<p><strong><a href=\"http:\/\/goltnik.com\/goltnik\/oedorfer\/\">&gt;&gt;zum Wettbewerb<\/a><\/strong><\/p>\n<p><strong><img loading=\"lazy\" class=\"alignnone size-medium wp-image-3314\" src=\"http:\/\/goltnik.com\/goltnik\/wp-content\/uploads\/2011\/10\/IMG_5764-300x200.jpg\" alt=\"\" width=\"300\" height=\"200\" srcset=\"http:\/\/www.goltnik.com\/goltnik\/wp-content\/uploads\/2011\/10\/IMG_5764-300x200.jpg 300w, http:\/\/www.goltnik.com\/goltnik\/wp-content\/uploads\/2011\/10\/IMG_5764-768x512.jpg 768w, http:\/\/www.goltnik.com\/goltnik\/wp-content\/uploads\/2011\/10\/IMG_5764-1024x683.jpg 1024w\" sizes=\"(max-width: 300px) 100vw, 300px\" \/><\/strong><\/p>\n<p><strong> <img loading=\"lazy\" class=\"alignnone size-medium wp-image-3311\" src=\"http:\/\/goltnik.com\/goltnik\/wp-content\/uploads\/2011\/10\/IMG_5699-300x200.jpg\" alt=\"\" width=\"300\" height=\"200\" srcset=\"http:\/\/www.goltnik.com\/goltnik\/wp-content\/uploads\/2011\/10\/IMG_5699-300x200.jpg 300w, http:\/\/www.goltnik.com\/goltnik\/wp-content\/uploads\/2011\/10\/IMG_5699-768x512.jpg 768w, http:\/\/www.goltnik.com\/goltnik\/wp-content\/uploads\/2011\/10\/IMG_5699-1024x683.jpg 1024w\" sizes=\"(max-width: 300px) 100vw, 300px\" \/> <img loading=\"lazy\" class=\"alignnone size-medium wp-image-3315\" src=\"http:\/\/goltnik.com\/goltnik\/wp-content\/uploads\/2011\/10\/IMG_5788-300x200.jpg\" alt=\"\" width=\"300\" height=\"200\" \/>\u00a0<\/strong><strong> \u00a0<\/strong><strong><img loading=\"lazy\" class=\"alignnone size-medium wp-image-3309\" src=\"http:\/\/goltnik.com\/goltnik\/wp-content\/uploads\/2011\/10\/IMG_5687-300x200.jpg\" alt=\"\" width=\"300\" height=\"200\" srcset=\"http:\/\/www.goltnik.com\/goltnik\/wp-content\/uploads\/2011\/10\/IMG_5687-300x200.jpg 300w, http:\/\/www.goltnik.com\/goltnik\/wp-content\/uploads\/2011\/10\/IMG_5687-768x512.jpg 768w, http:\/\/www.goltnik.com\/goltnik\/wp-content\/uploads\/2011\/10\/IMG_5687-1024x683.jpg 1024w\" sizes=\"(max-width: 300px) 100vw, 300px\" \/><\/strong><\/p>\n","protected":false},"excerpt":{"rendered":"<p>Graz, 2011 Neuer Au\u00dfenauftritt der Firma Od\u00f6rfer Am 8. September 2010 bekamen wir die gute Nachricht, dass wir den von der Firma Od\u00f6rfer ausgeschriebenen Wettbewerb\u00a0betreffend die Neugestaltung des Au\u00dfenauftritts des Unternehmens gewonnen haben! Danach wurde konzipiert, entworfen und geplant und das Projekt im Mai 2011 fertiggestellt. &nbsp; Projektbeschreibung Ziel war das Errichten eines Daches in [&hellip;]<\/p>\n","protected":false},"author":1,"featured_media":3310,"comment_status":"open","ping_status":"open","sticky":false,"template":"","format":"standard","meta":[],"categories":[6,7,12],"tags":[],"yoast_head":"<!-- This site is optimized with the Yoast SEO plugin v17.6 - https:\/\/yoast.com\/wordpress\/plugins\/seo\/ -->\n<title>Od\u00f6rfer, Graz - Architekt Goltnik ZT-GmbH<\/title>\n<meta name=\"robots\" content=\"index, follow, max-snippet:-1, max-image-preview:large, max-video-preview:-1\" \/>\n<link rel=\"canonical\" href=\"https:\/\/www.goltnik.com\/goltnik\/odoerfer\/\" \/>\n<meta property=\"og:locale\" content=\"de_DE\" \/>\n<meta property=\"og:type\" content=\"article\" \/>\n<meta property=\"og:title\" content=\"Od\u00f6rfer, Graz - Architekt Goltnik ZT-GmbH\" \/>\n<meta property=\"og:description\" content=\"Graz, 2011 Neuer Au\u00dfenauftritt der Firma Od\u00f6rfer Am 8. September 2010 bekamen wir die gute Nachricht, dass wir den von der Firma Od\u00f6rfer ausgeschriebenen Wettbewerb\u00a0betreffend die Neugestaltung des Au\u00dfenauftritts des Unternehmens gewonnen haben! Danach wurde konzipiert, entworfen und geplant und das Projekt im Mai 2011 fertiggestellt. &nbsp; Projektbeschreibung Ziel war das Errichten eines Daches in [&hellip;]\" \/>\n<meta property=\"og:url\" content=\"https:\/\/www.goltnik.com\/goltnik\/odoerfer\/\" \/>\n<meta property=\"og:site_name\" content=\"Architekt Goltnik ZT-GmbH\" \/>\n<meta property=\"article:published_time\" content=\"2011-10-02T09:37:48+00:00\" \/>\n<meta property=\"article:modified_time\" content=\"2018-04-30T07:51:48+00:00\" \/>\n<meta property=\"og:image\" content=\"https:\/\/www.goltnik.com\/goltnik\/wp-content\/uploads\/2011\/10\/IMG_5693.jpg\" \/>\n\t<meta property=\"og:image:width\" content=\"2784\" \/>\n\t<meta property=\"og:image:height\" content=\"1856\" \/>\n<meta name=\"twitter:card\" content=\"summary_large_image\" \/>\n<meta name=\"twitter:label1\" content=\"Verfasst von\" \/>\n\t<meta name=\"twitter:data1\" content=\"mobileanimation\" \/>\n\t<meta name=\"twitter:label2\" content=\"Gesch\u00e4tzte Lesezeit\" \/>\n\t<meta name=\"twitter:data2\" content=\"1\u00a0Minute\" \/>\n<script type=\"application\/ld+json\" class=\"yoast-schema-graph\">{\"@context\":\"https:\/\/schema.org\",\"@graph\":[{\"@type\":\"WebSite\",\"@id\":\"https:\/\/www.goltnik.com\/goltnik\/#website\",\"url\":\"https:\/\/www.goltnik.com\/goltnik\/\",\"name\":\"Architekt Goltnik ZT-GmbH\",\"description\":\"\",\"potentialAction\":[{\"@type\":\"SearchAction\",\"target\":{\"@type\":\"EntryPoint\",\"urlTemplate\":\"https:\/\/www.goltnik.com\/goltnik\/?s={search_term_string}\"},\"query-input\":\"required name=search_term_string\"}],\"inLanguage\":\"de\"},{\"@type\":\"ImageObject\",\"@id\":\"https:\/\/www.goltnik.com\/goltnik\/odoerfer\/#primaryimage\",\"inLanguage\":\"de\",\"url\":\"http:\/\/www.goltnik.com\/goltnik\/wp-content\/uploads\/2011\/10\/IMG_5693.jpg\",\"contentUrl\":\"http:\/\/www.goltnik.com\/goltnik\/wp-content\/uploads\/2011\/10\/IMG_5693.jpg\",\"width\":2784,\"height\":1856},{\"@type\":\"WebPage\",\"@id\":\"https:\/\/www.goltnik.com\/goltnik\/odoerfer\/#webpage\",\"url\":\"https:\/\/www.goltnik.com\/goltnik\/odoerfer\/\",\"name\":\"Od\\u00f6rfer, Graz - Architekt Goltnik ZT-GmbH\",\"isPartOf\":{\"@id\":\"https:\/\/www.goltnik.com\/goltnik\/#website\"},\"primaryImageOfPage\":{\"@id\":\"https:\/\/www.goltnik.com\/goltnik\/odoerfer\/#primaryimage\"},\"datePublished\":\"2011-10-02T09:37:48+00:00\",\"dateModified\":\"2018-04-30T07:51:48+00:00\",\"author\":{\"@id\":\"https:\/\/www.goltnik.com\/goltnik\/#\/schema\/person\/33ff4c7294071c9ab3538cd54036687c\"},\"breadcrumb\":{\"@id\":\"https:\/\/www.goltnik.com\/goltnik\/odoerfer\/#breadcrumb\"},\"inLanguage\":\"de\",\"potentialAction\":[{\"@type\":\"ReadAction\",\"target\":[\"https:\/\/www.goltnik.com\/goltnik\/odoerfer\/\"]}]},{\"@type\":\"BreadcrumbList\",\"@id\":\"https:\/\/www.goltnik.com\/goltnik\/odoerfer\/#breadcrumb\",\"itemListElement\":[{\"@type\":\"ListItem\",\"position\":1,\"name\":\"Startseite\",\"item\":\"https:\/\/www.goltnik.com\/goltnik\/\"},{\"@type\":\"ListItem\",\"position\":2,\"name\":\"Od\\u00f6rfer, Graz\"}]},{\"@type\":\"Person\",\"@id\":\"https:\/\/www.goltnik.com\/goltnik\/#\/schema\/person\/33ff4c7294071c9ab3538cd54036687c\",\"name\":\"mobileanimation\",\"image\":{\"@type\":\"ImageObject\",\"@id\":\"https:\/\/www.goltnik.com\/goltnik\/#personlogo\",\"inLanguage\":\"de\",\"url\":\"http:\/\/0.gravatar.com\/avatar\/c17dd0425cbe075d579cddc9ba849ec0?s=96&d=mm&r=g\",\"contentUrl\":\"http:\/\/0.gravatar.com\/avatar\/c17dd0425cbe075d579cddc9ba849ec0?s=96&d=mm&r=g\",\"caption\":\"mobileanimation\"},\"url\":\"http:\/\/www.goltnik.com\/goltnik\/author\/mobileanimation\/\"}]}<\/script>\n<!-- \/ Yoast SEO plugin. -->","yoast_head_json":{"title":"Od\u00f6rfer, Graz - Architekt Goltnik ZT-GmbH","robots":{"index":"index","follow":"follow","max-snippet":"max-snippet:-1","max-image-preview":"max-image-preview:large","max-video-preview":"max-video-preview:-1"},"canonical":"https:\/\/www.goltnik.com\/goltnik\/odoerfer\/","og_locale":"de_DE","og_type":"article","og_title":"Od\u00f6rfer, Graz - Architekt Goltnik ZT-GmbH","og_description":"Graz, 2011 Neuer Au\u00dfenauftritt der Firma Od\u00f6rfer Am 8. September 2010 bekamen wir die gute Nachricht, dass wir den von der Firma Od\u00f6rfer ausgeschriebenen Wettbewerb\u00a0betreffend die Neugestaltung des Au\u00dfenauftritts des Unternehmens gewonnen haben! Danach wurde konzipiert, entworfen und geplant und das Projekt im Mai 2011 fertiggestellt. &nbsp; Projektbeschreibung Ziel war das Errichten eines Daches in [&hellip;]","og_url":"https:\/\/www.goltnik.com\/goltnik\/odoerfer\/","og_site_name":"Architekt Goltnik ZT-GmbH","article_published_time":"2011-10-02T09:37:48+00:00","article_modified_time":"2018-04-30T07:51:48+00:00","og_image":[{"width":2784,"height":1856,"url":"https:\/\/www.goltnik.com\/goltnik\/wp-content\/uploads\/2011\/10\/IMG_5693.jpg","type":"image\/jpeg"}],"twitter_card":"summary_large_image","twitter_misc":{"Verfasst von":"mobileanimation","Gesch\u00e4tzte Lesezeit":"1\u00a0Minute"},"schema":{"@context":"https:\/\/schema.org","@graph":[{"@type":"WebSite","@id":"https:\/\/www.goltnik.com\/goltnik\/#website","url":"https:\/\/www.goltnik.com\/goltnik\/","name":"Architekt Goltnik ZT-GmbH","description":"","potentialAction":[{"@type":"SearchAction","target":{"@type":"EntryPoint","urlTemplate":"https:\/\/www.goltnik.com\/goltnik\/?s={search_term_string}"},"query-input":"required name=search_term_string"}],"inLanguage":"de"},{"@type":"ImageObject","@id":"https:\/\/www.goltnik.com\/goltnik\/odoerfer\/#primaryimage","inLanguage":"de","url":"http:\/\/www.goltnik.com\/goltnik\/wp-content\/uploads\/2011\/10\/IMG_5693.jpg","contentUrl":"http:\/\/www.goltnik.com\/goltnik\/wp-content\/uploads\/2011\/10\/IMG_5693.jpg","width":2784,"height":1856},{"@type":"WebPage","@id":"https:\/\/www.goltnik.com\/goltnik\/odoerfer\/#webpage","url":"https:\/\/www.goltnik.com\/goltnik\/odoerfer\/","name":"Od\u00f6rfer, Graz - Architekt Goltnik ZT-GmbH","isPartOf":{"@id":"https:\/\/www.goltnik.com\/goltnik\/#website"},"primaryImageOfPage":{"@id":"https:\/\/www.goltnik.com\/goltnik\/odoerfer\/#primaryimage"},"datePublished":"2011-10-02T09:37:48+00:00","dateModified":"2018-04-30T07:51:48+00:00","author":{"@id":"https:\/\/www.goltnik.com\/goltnik\/#\/schema\/person\/33ff4c7294071c9ab3538cd54036687c"},"breadcrumb":{"@id":"https:\/\/www.goltnik.com\/goltnik\/odoerfer\/#breadcrumb"},"inLanguage":"de","potentialAction":[{"@type":"ReadAction","target":["https:\/\/www.goltnik.com\/goltnik\/odoerfer\/"]}]},{"@type":"BreadcrumbList","@id":"https:\/\/www.goltnik.com\/goltnik\/odoerfer\/#breadcrumb","itemListElement":[{"@type":"ListItem","position":1,"name":"Startseite","item":"https:\/\/www.goltnik.com\/goltnik\/"},{"@type":"ListItem","position":2,"name":"Od\u00f6rfer, Graz"}]},{"@type":"Person","@id":"https:\/\/www.goltnik.com\/goltnik\/#\/schema\/person\/33ff4c7294071c9ab3538cd54036687c","name":"mobileanimation","image":{"@type":"ImageObject","@id":"https:\/\/www.goltnik.com\/goltnik\/#personlogo","inLanguage":"de","url":"http:\/\/0.gravatar.com\/avatar\/c17dd0425cbe075d579cddc9ba849ec0?s=96&d=mm&r=g","contentUrl":"http:\/\/0.gravatar.com\/avatar\/c17dd0425cbe075d579cddc9ba849ec0?s=96&d=mm&r=g","caption":"mobileanimation"},"url":"http:\/\/www.goltnik.com\/goltnik\/author\/mobileanimation\/"}]}},"_links":{"self":[{"href":"http:\/\/www.goltnik.com\/goltnik\/wp-json\/wp\/v2\/posts\/560"}],"collection":[{"href":"http:\/\/www.goltnik.com\/goltnik\/wp-json\/wp\/v2\/posts"}],"about":[{"href":"http:\/\/www.goltnik.com\/goltnik\/wp-json\/wp\/v2\/types\/post"}],"author":[{"embeddable":true,"href":"http:\/\/www.goltnik.com\/goltnik\/wp-json\/wp\/v2\/users\/1"}],"replies":[{"embeddable":true,"href":"http:\/\/www.goltnik.com\/goltnik\/wp-json\/wp\/v2\/comments?post=560"}],"version-history":[{"count":24,"href":"http:\/\/www.goltnik.com\/goltnik\/wp-json\/wp\/v2\/posts\/560\/revisions"}],"predecessor-version":[{"id":3475,"href":"http:\/\/www.goltnik.com\/goltnik\/wp-json\/wp\/v2\/posts\/560\/revisions\/3475"}],"wp:featuredmedia":[{"embeddable":true,"href":"http:\/\/www.goltnik.com\/goltnik\/wp-json\/wp\/v2\/media\/3310"}],"wp:attachment":[{"href":"http:\/\/www.goltnik.com\/goltnik\/wp-json\/wp\/v2\/media?parent=560"}],"wp:term":[{"taxonomy":"category","embeddable":true,"href":"http:\/\/www.goltnik.com\/goltnik\/wp-json\/wp\/v2\/categories?post=560"},{"taxonomy":"post_tag","embeddable":true,"href":"http:\/\/www.goltnik.com\/goltnik\/wp-json\/wp\/v2\/tags?post=560"}],"curies":[{"name":"wp","href":"https:\/\/api.w.org\/{rel}","templated":true}]}}