{"id":651,"date":"2007-10-02T12:39:41","date_gmt":"2007-10-02T10:39:41","guid":{"rendered":"http:\/\/goltnik.mobileanimation.at\/?p=651"},"modified":"2018-01-26T12:35:26","modified_gmt":"2018-01-26T11:35:26","slug":"buerogebaeude-kaernterstrasse","status":"publish","type":"post","link":"http:\/\/www.goltnik.com\/goltnik\/buerogebaeude-kaernterstrasse\/","title":{"rendered":"B\u00fcrogeb\u00e4ude K\u00e4rntnerstra\u00dfe, Graz"},"content":{"rendered":"<p><strong>Graz, 2007<\/strong><\/p>\n<p><strong>Neubau<\/strong><\/p>\n<p>In der K\u00e4rntnerstra\u00dfe in Graz haben wir ein zweigeschossiges B\u00fcro- und Wohngeb\u00e4ude geplant, das an der Westseite des Grundst\u00fcckes in den Hang gebaut und in der H\u00f6he zur\u00fcckversetzt ist.<\/p>\n<p>Die Ebenen 01 und 02 sind als B\u00fcrofl\u00e4chen mit \u00fcberdecktem Au\u00dfenzugang konzipiert; die jeweilige Geschossfl\u00e4che betr\u00e4gt 290 m\u00b2. Auf den Ebenen 04 und 05 haben wir drei Maisonette-Wohnungen mit jeweils 60-80 m\u00b2 geplant, zur\u00fcckversetzt mit Terrassen \u00fcber der Ebene 02.<\/p>\n<p>&nbsp;<\/p>\n<p>Bruttogescho\u00dffl\u00e4che:\u00a0926m\u00b2<br \/>\nBaukosten: \u20ac 1,50 mio.<\/p>\n","protected":false},"excerpt":{"rendered":"<p>Graz, 2007 Neubau In der K\u00e4rntnerstra\u00dfe in Graz haben wir ein zweigeschossiges B\u00fcro- und Wohngeb\u00e4ude geplant, das an der Westseite des Grundst\u00fcckes in den Hang gebaut und in der H\u00f6he zur\u00fcckversetzt ist. Die Ebenen 01 und 02 sind als B\u00fcrofl\u00e4chen mit \u00fcberdecktem Au\u00dfenzugang konzipiert; die jeweilige Geschossfl\u00e4che betr\u00e4gt 290 m\u00b2. Auf den Ebenen 04 und [&hellip;]<\/p>\n","protected":false},"author":1,"featured_media":2590,"comment_status":"open","ping_status":"open","sticky":false,"template":"","format":"standard","meta":[],"categories":[6,12],"tags":[],"yoast_head":"<!-- This site is optimized with the Yoast SEO plugin v17.6 - https:\/\/yoast.com\/wordpress\/plugins\/seo\/ -->\n<title>B\u00fcrogeb\u00e4ude K\u00e4rntnerstra\u00dfe, Graz - Architekt Goltnik ZT-GmbH<\/title>\n<meta name=\"robots\" content=\"index, follow, max-snippet:-1, max-image-preview:large, max-video-preview:-1\" \/>\n<link rel=\"canonical\" href=\"https:\/\/www.goltnik.com\/goltnik\/buerogebaeude-kaernterstrasse\/\" \/>\n<meta property=\"og:locale\" content=\"de_DE\" \/>\n<meta property=\"og:type\" content=\"article\" \/>\n<meta property=\"og:title\" content=\"B\u00fcrogeb\u00e4ude K\u00e4rntnerstra\u00dfe, Graz - Architekt Goltnik ZT-GmbH\" \/>\n<meta property=\"og:description\" content=\"Graz, 2007 Neubau In der K\u00e4rntnerstra\u00dfe in Graz haben wir ein zweigeschossiges B\u00fcro- und Wohngeb\u00e4ude geplant, das an der Westseite des Grundst\u00fcckes in den Hang gebaut und in der H\u00f6he zur\u00fcckversetzt ist. Die Ebenen 01 und 02 sind als B\u00fcrofl\u00e4chen mit \u00fcberdecktem Au\u00dfenzugang konzipiert; die jeweilige Geschossfl\u00e4che betr\u00e4gt 290 m\u00b2. Auf den Ebenen 04 und [&hellip;]\" \/>\n<meta property=\"og:url\" content=\"https:\/\/www.goltnik.com\/goltnik\/buerogebaeude-kaernterstrasse\/\" \/>\n<meta property=\"og:site_name\" content=\"Architekt Goltnik ZT-GmbH\" \/>\n<meta property=\"article:published_time\" content=\"2007-10-02T10:39:41+00:00\" \/>\n<meta property=\"article:modified_time\" content=\"2018-01-26T11:35:26+00:00\" \/>\n<meta property=\"og:image\" content=\"https:\/\/www.goltnik.com\/goltnik\/wp-content\/uploads\/Goltnik\/Gewerbe&#038;Industrie\/B\u00fcrogeb\u00e4udeK\u00e4rntnerstra\u00dfe\/buero_kaerntnerstrasse_4.jpg\" \/>\n\t<meta property=\"og:image:width\" content=\"698\" \/>\n\t<meta property=\"og:image:height\" content=\"393\" \/>\n<meta name=\"twitter:card\" content=\"summary_large_image\" \/>\n<meta name=\"twitter:label1\" content=\"Verfasst von\" \/>\n\t<meta name=\"twitter:data1\" content=\"mobileanimation\" \/>\n<script type=\"application\/ld+json\" class=\"yoast-schema-graph\">{\"@context\":\"https:\/\/schema.org\",\"@graph\":[{\"@type\":\"WebSite\",\"@id\":\"https:\/\/www.goltnik.com\/goltnik\/#website\",\"url\":\"https:\/\/www.goltnik.com\/goltnik\/\",\"name\":\"Architekt Goltnik ZT-GmbH\",\"description\":\"\",\"potentialAction\":[{\"@type\":\"SearchAction\",\"target\":{\"@type\":\"EntryPoint\",\"urlTemplate\":\"https:\/\/www.goltnik.com\/goltnik\/?s={search_term_string}\"},\"query-input\":\"required name=search_term_string\"}],\"inLanguage\":\"de\"},{\"@type\":\"ImageObject\",\"@id\":\"https:\/\/www.goltnik.com\/goltnik\/buerogebaeude-kaernterstrasse\/#primaryimage\",\"inLanguage\":\"de\",\"url\":\"http:\/\/www.goltnik.com\/goltnik\/wp-content\/uploads\/Goltnik\/Gewerbe&Industrie\/B\\u00fcrogeb\\u00e4udeK\\u00e4rntnerstra\\u00dfe\/buero_kaerntnerstrasse_4.jpg\",\"contentUrl\":\"http:\/\/www.goltnik.com\/goltnik\/wp-content\/uploads\/Goltnik\/Gewerbe&Industrie\/B\\u00fcrogeb\\u00e4udeK\\u00e4rntnerstra\\u00dfe\/buero_kaerntnerstrasse_4.jpg\",\"width\":698,\"height\":393},{\"@type\":\"WebPage\",\"@id\":\"https:\/\/www.goltnik.com\/goltnik\/buerogebaeude-kaernterstrasse\/#webpage\",\"url\":\"https:\/\/www.goltnik.com\/goltnik\/buerogebaeude-kaernterstrasse\/\",\"name\":\"B\\u00fcrogeb\\u00e4ude K\\u00e4rntnerstra\\u00dfe, Graz - Architekt Goltnik ZT-GmbH\",\"isPartOf\":{\"@id\":\"https:\/\/www.goltnik.com\/goltnik\/#website\"},\"primaryImageOfPage\":{\"@id\":\"https:\/\/www.goltnik.com\/goltnik\/buerogebaeude-kaernterstrasse\/#primaryimage\"},\"datePublished\":\"2007-10-02T10:39:41+00:00\",\"dateModified\":\"2018-01-26T11:35:26+00:00\",\"author\":{\"@id\":\"https:\/\/www.goltnik.com\/goltnik\/#\/schema\/person\/33ff4c7294071c9ab3538cd54036687c\"},\"breadcrumb\":{\"@id\":\"https:\/\/www.goltnik.com\/goltnik\/buerogebaeude-kaernterstrasse\/#breadcrumb\"},\"inLanguage\":\"de\",\"potentialAction\":[{\"@type\":\"ReadAction\",\"target\":[\"https:\/\/www.goltnik.com\/goltnik\/buerogebaeude-kaernterstrasse\/\"]}]},{\"@type\":\"BreadcrumbList\",\"@id\":\"https:\/\/www.goltnik.com\/goltnik\/buerogebaeude-kaernterstrasse\/#breadcrumb\",\"itemListElement\":[{\"@type\":\"ListItem\",\"position\":1,\"name\":\"Startseite\",\"item\":\"https:\/\/www.goltnik.com\/goltnik\/\"},{\"@type\":\"ListItem\",\"position\":2,\"name\":\"B\\u00fcrogeb\\u00e4ude K\\u00e4rntnerstra\\u00dfe, Graz\"}]},{\"@type\":\"Person\",\"@id\":\"https:\/\/www.goltnik.com\/goltnik\/#\/schema\/person\/33ff4c7294071c9ab3538cd54036687c\",\"name\":\"mobileanimation\",\"image\":{\"@type\":\"ImageObject\",\"@id\":\"https:\/\/www.goltnik.com\/goltnik\/#personlogo\",\"inLanguage\":\"de\",\"url\":\"http:\/\/0.gravatar.com\/avatar\/c17dd0425cbe075d579cddc9ba849ec0?s=96&d=mm&r=g\",\"contentUrl\":\"http:\/\/0.gravatar.com\/avatar\/c17dd0425cbe075d579cddc9ba849ec0?s=96&d=mm&r=g\",\"caption\":\"mobileanimation\"},\"url\":\"http:\/\/www.goltnik.com\/goltnik\/author\/mobileanimation\/\"}]}<\/script>\n<!-- \/ Yoast SEO plugin. -->","yoast_head_json":{"title":"B\u00fcrogeb\u00e4ude K\u00e4rntnerstra\u00dfe, Graz - Architekt Goltnik ZT-GmbH","robots":{"index":"index","follow":"follow","max-snippet":"max-snippet:-1","max-image-preview":"max-image-preview:large","max-video-preview":"max-video-preview:-1"},"canonical":"https:\/\/www.goltnik.com\/goltnik\/buerogebaeude-kaernterstrasse\/","og_locale":"de_DE","og_type":"article","og_title":"B\u00fcrogeb\u00e4ude K\u00e4rntnerstra\u00dfe, Graz - Architekt Goltnik ZT-GmbH","og_description":"Graz, 2007 Neubau In der K\u00e4rntnerstra\u00dfe in Graz haben wir ein zweigeschossiges B\u00fcro- und Wohngeb\u00e4ude geplant, das an der Westseite des Grundst\u00fcckes in den Hang gebaut und in der H\u00f6he zur\u00fcckversetzt ist. Die Ebenen 01 und 02 sind als B\u00fcrofl\u00e4chen mit \u00fcberdecktem Au\u00dfenzugang konzipiert; die jeweilige Geschossfl\u00e4che betr\u00e4gt 290 m\u00b2. Auf den Ebenen 04 und [&hellip;]","og_url":"https:\/\/www.goltnik.com\/goltnik\/buerogebaeude-kaernterstrasse\/","og_site_name":"Architekt Goltnik ZT-GmbH","article_published_time":"2007-10-02T10:39:41+00:00","article_modified_time":"2018-01-26T11:35:26+00:00","og_image":[{"width":698,"height":393,"url":"https:\/\/www.goltnik.com\/goltnik\/wp-content\/uploads\/Goltnik\/Gewerbe&Industrie\/B\u00fcrogeb\u00e4udeK\u00e4rntnerstra\u00dfe\/buero_kaerntnerstrasse_4.jpg","type":"image\/jpeg"}],"twitter_card":"summary_large_image","twitter_misc":{"Verfasst von":"mobileanimation"},"schema":{"@context":"https:\/\/schema.org","@graph":[{"@type":"WebSite","@id":"https:\/\/www.goltnik.com\/goltnik\/#website","url":"https:\/\/www.goltnik.com\/goltnik\/","name":"Architekt Goltnik ZT-GmbH","description":"","potentialAction":[{"@type":"SearchAction","target":{"@type":"EntryPoint","urlTemplate":"https:\/\/www.goltnik.com\/goltnik\/?s={search_term_string}"},"query-input":"required name=search_term_string"}],"inLanguage":"de"},{"@type":"ImageObject","@id":"https:\/\/www.goltnik.com\/goltnik\/buerogebaeude-kaernterstrasse\/#primaryimage","inLanguage":"de","url":"http:\/\/www.goltnik.com\/goltnik\/wp-content\/uploads\/Goltnik\/Gewerbe&Industrie\/B\u00fcrogeb\u00e4udeK\u00e4rntnerstra\u00dfe\/buero_kaerntnerstrasse_4.jpg","contentUrl":"http:\/\/www.goltnik.com\/goltnik\/wp-content\/uploads\/Goltnik\/Gewerbe&Industrie\/B\u00fcrogeb\u00e4udeK\u00e4rntnerstra\u00dfe\/buero_kaerntnerstrasse_4.jpg","width":698,"height":393},{"@type":"WebPage","@id":"https:\/\/www.goltnik.com\/goltnik\/buerogebaeude-kaernterstrasse\/#webpage","url":"https:\/\/www.goltnik.com\/goltnik\/buerogebaeude-kaernterstrasse\/","name":"B\u00fcrogeb\u00e4ude K\u00e4rntnerstra\u00dfe, Graz - Architekt Goltnik ZT-GmbH","isPartOf":{"@id":"https:\/\/www.goltnik.com\/goltnik\/#website"},"primaryImageOfPage":{"@id":"https:\/\/www.goltnik.com\/goltnik\/buerogebaeude-kaernterstrasse\/#primaryimage"},"datePublished":"2007-10-02T10:39:41+00:00","dateModified":"2018-01-26T11:35:26+00:00","author":{"@id":"https:\/\/www.goltnik.com\/goltnik\/#\/schema\/person\/33ff4c7294071c9ab3538cd54036687c"},"breadcrumb":{"@id":"https:\/\/www.goltnik.com\/goltnik\/buerogebaeude-kaernterstrasse\/#breadcrumb"},"inLanguage":"de","potentialAction":[{"@type":"ReadAction","target":["https:\/\/www.goltnik.com\/goltnik\/buerogebaeude-kaernterstrasse\/"]}]},{"@type":"BreadcrumbList","@id":"https:\/\/www.goltnik.com\/goltnik\/buerogebaeude-kaernterstrasse\/#breadcrumb","itemListElement":[{"@type":"ListItem","position":1,"name":"Startseite","item":"https:\/\/www.goltnik.com\/goltnik\/"},{"@type":"ListItem","position":2,"name":"B\u00fcrogeb\u00e4ude K\u00e4rntnerstra\u00dfe, Graz"}]},{"@type":"Person","@id":"https:\/\/www.goltnik.com\/goltnik\/#\/schema\/person\/33ff4c7294071c9ab3538cd54036687c","name":"mobileanimation","image":{"@type":"ImageObject","@id":"https:\/\/www.goltnik.com\/goltnik\/#personlogo","inLanguage":"de","url":"http:\/\/0.gravatar.com\/avatar\/c17dd0425cbe075d579cddc9ba849ec0?s=96&d=mm&r=g","contentUrl":"http:\/\/0.gravatar.com\/avatar\/c17dd0425cbe075d579cddc9ba849ec0?s=96&d=mm&r=g","caption":"mobileanimation"},"url":"http:\/\/www.goltnik.com\/goltnik\/author\/mobileanimation\/"}]}},"_links":{"self":[{"href":"http:\/\/www.goltnik.com\/goltnik\/wp-json\/wp\/v2\/posts\/651"}],"collection":[{"href":"http:\/\/www.goltnik.com\/goltnik\/wp-json\/wp\/v2\/posts"}],"about":[{"href":"http:\/\/www.goltnik.com\/goltnik\/wp-json\/wp\/v2\/types\/post"}],"author":[{"embeddable":true,"href":"http:\/\/www.goltnik.com\/goltnik\/wp-json\/wp\/v2\/users\/1"}],"replies":[{"embeddable":true,"href":"http:\/\/www.goltnik.com\/goltnik\/wp-json\/wp\/v2\/comments?post=651"}],"version-history":[{"count":6,"href":"http:\/\/www.goltnik.com\/goltnik\/wp-json\/wp\/v2\/posts\/651\/revisions"}],"predecessor-version":[{"id":3241,"href":"http:\/\/www.goltnik.com\/goltnik\/wp-json\/wp\/v2\/posts\/651\/revisions\/3241"}],"wp:featuredmedia":[{"embeddable":true,"href":"http:\/\/www.goltnik.com\/goltnik\/wp-json\/wp\/v2\/media\/2590"}],"wp:attachment":[{"href":"http:\/\/www.goltnik.com\/goltnik\/wp-json\/wp\/v2\/media?parent=651"}],"wp:term":[{"taxonomy":"category","embeddable":true,"href":"http:\/\/www.goltnik.com\/goltnik\/wp-json\/wp\/v2\/categories?post=651"},{"taxonomy":"post_tag","embeddable":true,"href":"http:\/\/www.goltnik.com\/goltnik\/wp-json\/wp\/v2\/tags?post=651"}],"curies":[{"name":"wp","href":"https:\/\/api.w.org\/{rel}","templated":true}]}}