{"id":703,"date":"2012-10-02T13:56:51","date_gmt":"2012-10-02T11:56:51","guid":{"rendered":"http:\/\/goltnik.mobileanimation.at\/?p=703"},"modified":"2018-01-26T10:18:58","modified_gmt":"2018-01-26T09:18:58","slug":"justizanstalt-karlau","status":"publish","type":"post","link":"http:\/\/www.goltnik.com\/goltnik\/justizanstalt-karlau\/","title":{"rendered":"Justizanstalt Karlau, Graz"},"content":{"rendered":"<p><strong>Graz, 2012<\/strong><\/p>\n<h4>Neubau BesucherInnenzentrum\u00a0sowie Sport- und Schie\u00dfanlage in der Justizanstalt Karlau 2012<\/h4>\n<p><strong>Projektbeschreibung<\/strong><\/p>\n<p><span style=\"text-decoration: underline;\">St\u00e4dtebauliche Aspekte<\/span><\/p>\n<p>Das BesucherInnenzentrum &#8211; <strong>die Wolke<\/strong> &#8211; bildet einen Kontrast zur umliegenden streng orthogonalen Architektur der Gef\u00e4ngnisanlage. Die Wolke ist ein Raum der <strong>Illusion<\/strong>, der Zuflucht vor der Realit\u00e4t des Gef\u00e4ngnisses bietet. Sie ist wei\u00df, luftig und steht f\u00fcr das <strong>Tr\u00e4umerische<\/strong>. Im Gegensatz dazu ist die Sport- und Schiessanlage dunkel, erdig und schwer.<\/p>\n<p>&nbsp;<\/p>\n<p><span style=\"text-decoration: underline;\">Bauk\u00fcnstlerische Aspekte<\/span><\/p>\n<p>Im Inneren der Wolke steht das sinnliche <strong>&#8222;Raumerleben&#8220;<\/strong> abseits des Zweckorientierten im Vordergrund. Alle Fl\u00e4chen sind in wei\u00df gehalten und entfalten sich in r\u00e4umlicher Dynamik. Sanft geneigte Rampen formen eine <strong>Raumschwelle<\/strong> beim Betreten der Wolke und entheben den Besucher vom Boden der Realit\u00e4t. Der Tischbesuchsraum faltet sich nach oben hin auf um <strong>r\u00e4umliche Freiheit<\/strong> zu schaffen. Ein Podest schafft dabei auch eine r\u00e4umliche <strong>Zonierung<\/strong>. Die Decke und zwei Rampen steigen weiter zu den schwebenden Langzeitbesuchsr\u00e4umen hin an. Diese erstrecken sich \u00fcber <strong>zwei Ebenen<\/strong>, um bei Familienbesuchen mit Kindern den Erwachsenen ihre <strong>Privatsph\u00e4re<\/strong> zu erm\u00f6glichen. Der Besuch kann in sozial komplizierten Verh\u00e4ltnissen entspannt gestaltet werden, da gen\u00fcgend Raum vorhanden ist. Die \u00fcberhohen offenen R\u00e4ume mit den Atrien bilden einen Kontrast zur engen Gef\u00e4ngniszelle.<\/p>\n<p>Die Innenr\u00e4ume der Sport- und Schie\u00dfanlage sind in Wei\u00dft\u00f6nen gehalten, um vor allem das Untergeschoss so hell wie m\u00f6glich zu gestalten. Der Eingang ist \u00fcberdacht und durch einen Geb\u00e4udeeinschnitt, der Innen und Au\u00dfen verbindet, klar erkennbar. Hier liegt das <strong>lichtdurchflutete Foyer<\/strong> als zentraler Aufenthaltsraum.<\/p>\n<p>&nbsp;<\/p>\n<p><span style=\"text-decoration: underline;\">Funktionale Aspekte<\/span><\/p>\n<p>Der Grundriss der Wolke ist r\u00e4umlich nach den Kriterien \u00dcbersicht (f\u00fcr die Justizbeamten) und \u00dcbersichtlichkeit (f\u00fcr Besucher und Insassen) entwickelt. Das zentrale Dienstzimmer ist auf ein <strong>Podest<\/strong> gehoben um die Einblicke zu maximieren. <strong>Hervorspringende Ecken<\/strong> lenken die Gehrichtung von Insasse und Besucher und heben die Theke als Orientierungspunkt hervor. Auf der gegen\u00fcberliegenden Seite ist der Warteraum gut einsehbar und im Bedarfsfall auch in maximal drei Einzelr\u00e4ume unterteilbar. Nicht einsehbare Ecken werden vermieden.<\/p>\n<p>Der Innenraum der Sport- und Schiessanlage verbindet Funktionalit\u00e4t mit maximaler Raumqualit\u00e4t. Das Foyer grenzt direkt an optimierte und \u00fcbersichtliche Erschlie\u00dfungsfl\u00e4chen. Der Sportbereich bietet eine klare Trennung von Schmutz- und Sauberg\u00e4ngen. Durch die vorgeschlagene Zusammenlegung von Saubergang und Ger\u00e4teraum kann die Fl\u00e4che optimal genutzt werden.<\/p>\n<p>&nbsp;<\/p>\n<p><span style=\"text-decoration: underline;\">\u00d6konomische, \u00d6kologische Aspekte<\/span><\/p>\n<p>Beide Bauk\u00f6rper sind m\u00f6glichst kompakt gehalten, um ein gutes AV-Verh\u00e4ltnis zu erzielen. Verglaste \u00d6ffnungen werden vor allem beim BesucherInnenzentrum sparsam eingesetzt. Die kontrollierte Rauml\u00fcftung minimiert L\u00fcftungsw\u00e4rmeverluste und die Fu\u00dfbodenheizung sorgt f\u00fcr eine gleichm\u00e4\u00dfige Temperierung auf Niedrigtemperaturbasis. Rampen und Podeste des BesucherInnenzentrums erleichtern Unterbringung und Einbringung der Zuluft. Ein Oberlicht \u00fcber die Verl\u00e4ngerung der Breite des Schlossbaus wird vermieden, womit dieser Bereich f\u00fcr eine zuk\u00fcnftige Aufstockung vorgesehen werden kann.<\/p>\n","protected":false},"excerpt":{"rendered":"<p>Graz, 2012 Neubau BesucherInnenzentrum\u00a0sowie Sport- und Schie\u00dfanlage in der Justizanstalt Karlau 2012 Projektbeschreibung St\u00e4dtebauliche Aspekte Das BesucherInnenzentrum &#8211; die Wolke &#8211; bildet einen Kontrast zur umliegenden streng orthogonalen Architektur der Gef\u00e4ngnisanlage. Die Wolke ist ein Raum der Illusion, der Zuflucht vor der Realit\u00e4t des Gef\u00e4ngnisses bietet. Sie ist wei\u00df, luftig und steht f\u00fcr das Tr\u00e4umerische. [&hellip;]<\/p>\n","protected":false},"author":1,"featured_media":2447,"comment_status":"open","ping_status":"open","sticky":false,"template":"","format":"standard","meta":[],"categories":[10],"tags":[],"yoast_head":"<!-- This site is optimized with the Yoast SEO plugin v17.6 - https:\/\/yoast.com\/wordpress\/plugins\/seo\/ -->\n<title>Justizanstalt Karlau, Graz - Architekt Goltnik ZT-GmbH<\/title>\n<meta name=\"robots\" content=\"index, follow, max-snippet:-1, max-image-preview:large, max-video-preview:-1\" \/>\n<link rel=\"canonical\" href=\"https:\/\/www.goltnik.com\/goltnik\/justizanstalt-karlau\/\" \/>\n<meta property=\"og:locale\" content=\"de_DE\" \/>\n<meta property=\"og:type\" content=\"article\" \/>\n<meta property=\"og:title\" content=\"Justizanstalt Karlau, Graz - Architekt Goltnik ZT-GmbH\" \/>\n<meta property=\"og:description\" content=\"Graz, 2012 Neubau BesucherInnenzentrum\u00a0sowie Sport- und Schie\u00dfanlage in der Justizanstalt Karlau 2012 Projektbeschreibung St\u00e4dtebauliche Aspekte Das BesucherInnenzentrum &#8211; die Wolke &#8211; bildet einen Kontrast zur umliegenden streng orthogonalen Architektur der Gef\u00e4ngnisanlage. Die Wolke ist ein Raum der Illusion, der Zuflucht vor der Realit\u00e4t des Gef\u00e4ngnisses bietet. Sie ist wei\u00df, luftig und steht f\u00fcr das Tr\u00e4umerische. [&hellip;]\" \/>\n<meta property=\"og:url\" content=\"https:\/\/www.goltnik.com\/goltnik\/justizanstalt-karlau\/\" \/>\n<meta property=\"og:site_name\" content=\"Architekt Goltnik ZT-GmbH\" \/>\n<meta property=\"article:published_time\" content=\"2012-10-02T11:56:51+00:00\" \/>\n<meta property=\"article:modified_time\" content=\"2018-01-26T09:18:58+00:00\" \/>\n<meta property=\"og:image\" content=\"https:\/\/www.goltnik.com\/goltnik\/wp-content\/uploads\/Goltnik\/Wettbewerbe\/JustizanstaltKarlau\/jak_02.jpg\" \/>\n\t<meta property=\"og:image:width\" content=\"698\" \/>\n\t<meta property=\"og:image:height\" content=\"393\" \/>\n<meta name=\"twitter:card\" content=\"summary_large_image\" \/>\n<meta name=\"twitter:label1\" content=\"Verfasst von\" \/>\n\t<meta name=\"twitter:data1\" content=\"mobileanimation\" \/>\n\t<meta name=\"twitter:label2\" content=\"Gesch\u00e4tzte Lesezeit\" \/>\n\t<meta name=\"twitter:data2\" content=\"2\u00a0Minuten\" \/>\n<script type=\"application\/ld+json\" class=\"yoast-schema-graph\">{\"@context\":\"https:\/\/schema.org\",\"@graph\":[{\"@type\":\"WebSite\",\"@id\":\"https:\/\/www.goltnik.com\/goltnik\/#website\",\"url\":\"https:\/\/www.goltnik.com\/goltnik\/\",\"name\":\"Architekt Goltnik ZT-GmbH\",\"description\":\"\",\"potentialAction\":[{\"@type\":\"SearchAction\",\"target\":{\"@type\":\"EntryPoint\",\"urlTemplate\":\"https:\/\/www.goltnik.com\/goltnik\/?s={search_term_string}\"},\"query-input\":\"required name=search_term_string\"}],\"inLanguage\":\"de\"},{\"@type\":\"ImageObject\",\"@id\":\"https:\/\/www.goltnik.com\/goltnik\/justizanstalt-karlau\/#primaryimage\",\"inLanguage\":\"de\",\"url\":\"http:\/\/www.goltnik.com\/goltnik\/wp-content\/uploads\/Goltnik\/Wettbewerbe\/JustizanstaltKarlau\/jak_02.jpg\",\"contentUrl\":\"http:\/\/www.goltnik.com\/goltnik\/wp-content\/uploads\/Goltnik\/Wettbewerbe\/JustizanstaltKarlau\/jak_02.jpg\",\"width\":698,\"height\":393},{\"@type\":\"WebPage\",\"@id\":\"https:\/\/www.goltnik.com\/goltnik\/justizanstalt-karlau\/#webpage\",\"url\":\"https:\/\/www.goltnik.com\/goltnik\/justizanstalt-karlau\/\",\"name\":\"Justizanstalt Karlau, Graz - Architekt Goltnik ZT-GmbH\",\"isPartOf\":{\"@id\":\"https:\/\/www.goltnik.com\/goltnik\/#website\"},\"primaryImageOfPage\":{\"@id\":\"https:\/\/www.goltnik.com\/goltnik\/justizanstalt-karlau\/#primaryimage\"},\"datePublished\":\"2012-10-02T11:56:51+00:00\",\"dateModified\":\"2018-01-26T09:18:58+00:00\",\"author\":{\"@id\":\"https:\/\/www.goltnik.com\/goltnik\/#\/schema\/person\/33ff4c7294071c9ab3538cd54036687c\"},\"breadcrumb\":{\"@id\":\"https:\/\/www.goltnik.com\/goltnik\/justizanstalt-karlau\/#breadcrumb\"},\"inLanguage\":\"de\",\"potentialAction\":[{\"@type\":\"ReadAction\",\"target\":[\"https:\/\/www.goltnik.com\/goltnik\/justizanstalt-karlau\/\"]}]},{\"@type\":\"BreadcrumbList\",\"@id\":\"https:\/\/www.goltnik.com\/goltnik\/justizanstalt-karlau\/#breadcrumb\",\"itemListElement\":[{\"@type\":\"ListItem\",\"position\":1,\"name\":\"Startseite\",\"item\":\"https:\/\/www.goltnik.com\/goltnik\/\"},{\"@type\":\"ListItem\",\"position\":2,\"name\":\"Justizanstalt Karlau, Graz\"}]},{\"@type\":\"Person\",\"@id\":\"https:\/\/www.goltnik.com\/goltnik\/#\/schema\/person\/33ff4c7294071c9ab3538cd54036687c\",\"name\":\"mobileanimation\",\"image\":{\"@type\":\"ImageObject\",\"@id\":\"https:\/\/www.goltnik.com\/goltnik\/#personlogo\",\"inLanguage\":\"de\",\"url\":\"http:\/\/0.gravatar.com\/avatar\/c17dd0425cbe075d579cddc9ba849ec0?s=96&d=mm&r=g\",\"contentUrl\":\"http:\/\/0.gravatar.com\/avatar\/c17dd0425cbe075d579cddc9ba849ec0?s=96&d=mm&r=g\",\"caption\":\"mobileanimation\"},\"url\":\"http:\/\/www.goltnik.com\/goltnik\/author\/mobileanimation\/\"}]}<\/script>\n<!-- \/ Yoast SEO plugin. -->","yoast_head_json":{"title":"Justizanstalt Karlau, Graz - Architekt Goltnik ZT-GmbH","robots":{"index":"index","follow":"follow","max-snippet":"max-snippet:-1","max-image-preview":"max-image-preview:large","max-video-preview":"max-video-preview:-1"},"canonical":"https:\/\/www.goltnik.com\/goltnik\/justizanstalt-karlau\/","og_locale":"de_DE","og_type":"article","og_title":"Justizanstalt Karlau, Graz - Architekt Goltnik ZT-GmbH","og_description":"Graz, 2012 Neubau BesucherInnenzentrum\u00a0sowie Sport- und Schie\u00dfanlage in der Justizanstalt Karlau 2012 Projektbeschreibung St\u00e4dtebauliche Aspekte Das BesucherInnenzentrum &#8211; die Wolke &#8211; bildet einen Kontrast zur umliegenden streng orthogonalen Architektur der Gef\u00e4ngnisanlage. Die Wolke ist ein Raum der Illusion, der Zuflucht vor der Realit\u00e4t des Gef\u00e4ngnisses bietet. Sie ist wei\u00df, luftig und steht f\u00fcr das Tr\u00e4umerische. [&hellip;]","og_url":"https:\/\/www.goltnik.com\/goltnik\/justizanstalt-karlau\/","og_site_name":"Architekt Goltnik ZT-GmbH","article_published_time":"2012-10-02T11:56:51+00:00","article_modified_time":"2018-01-26T09:18:58+00:00","og_image":[{"width":698,"height":393,"url":"https:\/\/www.goltnik.com\/goltnik\/wp-content\/uploads\/Goltnik\/Wettbewerbe\/JustizanstaltKarlau\/jak_02.jpg","type":"image\/jpeg"}],"twitter_card":"summary_large_image","twitter_misc":{"Verfasst von":"mobileanimation","Gesch\u00e4tzte Lesezeit":"2\u00a0Minuten"},"schema":{"@context":"https:\/\/schema.org","@graph":[{"@type":"WebSite","@id":"https:\/\/www.goltnik.com\/goltnik\/#website","url":"https:\/\/www.goltnik.com\/goltnik\/","name":"Architekt Goltnik ZT-GmbH","description":"","potentialAction":[{"@type":"SearchAction","target":{"@type":"EntryPoint","urlTemplate":"https:\/\/www.goltnik.com\/goltnik\/?s={search_term_string}"},"query-input":"required name=search_term_string"}],"inLanguage":"de"},{"@type":"ImageObject","@id":"https:\/\/www.goltnik.com\/goltnik\/justizanstalt-karlau\/#primaryimage","inLanguage":"de","url":"http:\/\/www.goltnik.com\/goltnik\/wp-content\/uploads\/Goltnik\/Wettbewerbe\/JustizanstaltKarlau\/jak_02.jpg","contentUrl":"http:\/\/www.goltnik.com\/goltnik\/wp-content\/uploads\/Goltnik\/Wettbewerbe\/JustizanstaltKarlau\/jak_02.jpg","width":698,"height":393},{"@type":"WebPage","@id":"https:\/\/www.goltnik.com\/goltnik\/justizanstalt-karlau\/#webpage","url":"https:\/\/www.goltnik.com\/goltnik\/justizanstalt-karlau\/","name":"Justizanstalt Karlau, Graz - Architekt Goltnik ZT-GmbH","isPartOf":{"@id":"https:\/\/www.goltnik.com\/goltnik\/#website"},"primaryImageOfPage":{"@id":"https:\/\/www.goltnik.com\/goltnik\/justizanstalt-karlau\/#primaryimage"},"datePublished":"2012-10-02T11:56:51+00:00","dateModified":"2018-01-26T09:18:58+00:00","author":{"@id":"https:\/\/www.goltnik.com\/goltnik\/#\/schema\/person\/33ff4c7294071c9ab3538cd54036687c"},"breadcrumb":{"@id":"https:\/\/www.goltnik.com\/goltnik\/justizanstalt-karlau\/#breadcrumb"},"inLanguage":"de","potentialAction":[{"@type":"ReadAction","target":["https:\/\/www.goltnik.com\/goltnik\/justizanstalt-karlau\/"]}]},{"@type":"BreadcrumbList","@id":"https:\/\/www.goltnik.com\/goltnik\/justizanstalt-karlau\/#breadcrumb","itemListElement":[{"@type":"ListItem","position":1,"name":"Startseite","item":"https:\/\/www.goltnik.com\/goltnik\/"},{"@type":"ListItem","position":2,"name":"Justizanstalt Karlau, Graz"}]},{"@type":"Person","@id":"https:\/\/www.goltnik.com\/goltnik\/#\/schema\/person\/33ff4c7294071c9ab3538cd54036687c","name":"mobileanimation","image":{"@type":"ImageObject","@id":"https:\/\/www.goltnik.com\/goltnik\/#personlogo","inLanguage":"de","url":"http:\/\/0.gravatar.com\/avatar\/c17dd0425cbe075d579cddc9ba849ec0?s=96&d=mm&r=g","contentUrl":"http:\/\/0.gravatar.com\/avatar\/c17dd0425cbe075d579cddc9ba849ec0?s=96&d=mm&r=g","caption":"mobileanimation"},"url":"http:\/\/www.goltnik.com\/goltnik\/author\/mobileanimation\/"}]}},"_links":{"self":[{"href":"http:\/\/www.goltnik.com\/goltnik\/wp-json\/wp\/v2\/posts\/703"}],"collection":[{"href":"http:\/\/www.goltnik.com\/goltnik\/wp-json\/wp\/v2\/posts"}],"about":[{"href":"http:\/\/www.goltnik.com\/goltnik\/wp-json\/wp\/v2\/types\/post"}],"author":[{"embeddable":true,"href":"http:\/\/www.goltnik.com\/goltnik\/wp-json\/wp\/v2\/users\/1"}],"replies":[{"embeddable":true,"href":"http:\/\/www.goltnik.com\/goltnik\/wp-json\/wp\/v2\/comments?post=703"}],"version-history":[{"count":5,"href":"http:\/\/www.goltnik.com\/goltnik\/wp-json\/wp\/v2\/posts\/703\/revisions"}],"predecessor-version":[{"id":3136,"href":"http:\/\/www.goltnik.com\/goltnik\/wp-json\/wp\/v2\/posts\/703\/revisions\/3136"}],"wp:featuredmedia":[{"embeddable":true,"href":"http:\/\/www.goltnik.com\/goltnik\/wp-json\/wp\/v2\/media\/2447"}],"wp:attachment":[{"href":"http:\/\/www.goltnik.com\/goltnik\/wp-json\/wp\/v2\/media?parent=703"}],"wp:term":[{"taxonomy":"category","embeddable":true,"href":"http:\/\/www.goltnik.com\/goltnik\/wp-json\/wp\/v2\/categories?post=703"},{"taxonomy":"post_tag","embeddable":true,"href":"http:\/\/www.goltnik.com\/goltnik\/wp-json\/wp\/v2\/tags?post=703"}],"curies":[{"name":"wp","href":"https:\/\/api.w.org\/{rel}","templated":true}]}}